{"id":764,"date":"2021-05-30T05:31:49","date_gmt":"2021-05-30T03:31:49","guid":{"rendered":"https:\/\/gorkakoscielnicka.pl\/?p=764"},"modified":"2021-06-08T15:21:35","modified_gmt":"2021-06-08T13:21:35","slug":"intencje-mszy-sw-31-05-21-06-06-21","status":"publish","type":"post","link":"https:\/\/gorkakoscielnicka.pl\/?p=764","title":{"rendered":"Intencje Mszy \u015aw. 31.05.21 &#8211; 06.06.21"},"content":{"rendered":"<p style=\"font-weight: 400;\"><strong>INTENCJE&nbsp;&nbsp;MSZY \u015aWI\u0118TYCH<\/strong><\/p>\n<p style=\"font-weight: 400;\"><strong>&nbsp;&nbsp;&nbsp;&nbsp;&nbsp;&nbsp;&nbsp;&nbsp;&nbsp;&nbsp;&nbsp;&nbsp;&nbsp;&nbsp;&nbsp;&nbsp;&nbsp;&nbsp;&nbsp;&nbsp;<\/strong><strong>G\u00d3RKA KO\u015aCIELNICKA<\/strong><\/p>\n<p style=\"font-weight: 400;\"><strong>&nbsp;&nbsp;&nbsp;&nbsp;&nbsp;&nbsp;&nbsp;&nbsp;&nbsp;&nbsp;&nbsp;&nbsp;&nbsp;&nbsp;&nbsp;&nbsp;&nbsp;&nbsp;&nbsp;&nbsp;&nbsp;31.05.2021&nbsp;&nbsp;&#8211;&nbsp;&nbsp;06.06. 2021<\/strong><\/p>\n<p style=\"font-weight: 400;\">Poniedzia\u0142ek<strong>&nbsp;<\/strong>&nbsp;godz. 16.00\u2026+Bogus\u0142aw PODSIAD\u0141O<\/p>\n<p style=\"font-weight: 400;\">&nbsp;&nbsp;&nbsp;&nbsp;&nbsp;&nbsp;&nbsp;&nbsp;&nbsp;&nbsp;&nbsp;&nbsp;&nbsp;&nbsp;&nbsp;&nbsp;&nbsp;&nbsp;&nbsp;&nbsp;&nbsp;&nbsp;&nbsp;&nbsp;&nbsp;&nbsp;&nbsp;&nbsp;&nbsp;&nbsp;&nbsp;&nbsp;&nbsp;&nbsp;&nbsp;&nbsp;&nbsp;&nbsp;&nbsp;&nbsp;&nbsp;&nbsp;&nbsp;&nbsp;&nbsp;&nbsp;&nbsp;&nbsp;&nbsp;&nbsp;&nbsp;&nbsp;&nbsp;&nbsp;&nbsp;&nbsp;&nbsp;&nbsp;&nbsp;&nbsp;&nbsp;&nbsp;od chrzesniaczki Magdy z rodz.<\/p>\n<p style=\"font-weight: 400;\">Wtorek&nbsp;&nbsp;&nbsp;&nbsp;&nbsp;&nbsp;&nbsp;&nbsp;&nbsp;&nbsp;&nbsp;godz. 16.30\u2026++Irena i jan LASEK z rodzicami, o rado\u015b\u0107 nieba<\/p>\n<p style=\"font-weight: 400;\">\u015aroda&nbsp;&nbsp;&nbsp;&nbsp;&nbsp;&nbsp;&nbsp;&nbsp;&nbsp;&nbsp;&nbsp;&nbsp;&nbsp;&nbsp;godz. 16.30\u2026++Czes\u0142awa i Franciszek FARJON<\/p>\n<p style=\"font-weight: 400;\">&nbsp;&nbsp;&nbsp;&nbsp;&nbsp;&nbsp;&nbsp;&nbsp;&nbsp;&nbsp;&nbsp;&nbsp;&nbsp;&nbsp;&nbsp;&nbsp;&nbsp;&nbsp;&nbsp;&nbsp;&nbsp;&nbsp;&nbsp;&nbsp;&nbsp;&nbsp;&nbsp;&nbsp;&nbsp;&nbsp;&nbsp;&nbsp;&nbsp;&nbsp;&nbsp;&nbsp;&nbsp;&nbsp;&nbsp;&nbsp;&nbsp;&nbsp;<strong>BO\u017bE CIA\u0141O<\/strong><\/p>\n<p style=\"font-weight: 400;\">Czwartek&nbsp;&nbsp;&nbsp;&nbsp;&nbsp;&nbsp;&nbsp;&nbsp;godz. 7.00 \u2026+Bogus\u0142aw PODSIAD\u0141O<\/p>\n<p style=\"font-weight: 400;\">&nbsp;&nbsp;&nbsp;&nbsp;&nbsp;&nbsp;&nbsp;&nbsp;&nbsp;&nbsp;&nbsp;&nbsp;&nbsp;&nbsp;&nbsp;&nbsp;&nbsp;&nbsp;&nbsp;&nbsp;&nbsp;&nbsp;&nbsp;&nbsp;&nbsp;&nbsp;&nbsp;&nbsp;&nbsp;&nbsp;&nbsp;&nbsp;&nbsp;&nbsp;&nbsp;&nbsp;&nbsp;&nbsp;&nbsp;&nbsp;&nbsp;&nbsp;&nbsp;&nbsp;&nbsp;&nbsp;&nbsp;&nbsp;&nbsp;&nbsp;&nbsp;&nbsp;&nbsp;&nbsp;&nbsp;&nbsp;&nbsp;&nbsp;&nbsp;&nbsp;&nbsp;&nbsp;&nbsp;od \u017cony Marii i c\u00f3rki Julii&nbsp;<\/p>\n<p style=\"font-weight: 400;\">Pi\u0105tek&nbsp;&nbsp;&nbsp;&nbsp;&nbsp;&nbsp;&nbsp;&nbsp;&nbsp;&nbsp;&nbsp;&nbsp;&nbsp;godz. 16.30\u2026+Kazimierz STOLEC z ojcem<\/p>\n<p style=\"font-weight: 400;\">&nbsp;&nbsp;&nbsp;&nbsp;&nbsp;&nbsp;&nbsp;&nbsp;&nbsp;&nbsp;&nbsp;&nbsp;&nbsp;&nbsp;&nbsp;&nbsp;&nbsp;&nbsp;&nbsp;&nbsp;&nbsp;&nbsp;&nbsp;&nbsp;&nbsp;&nbsp;&nbsp;&nbsp;&nbsp;&nbsp;&nbsp;&nbsp;&nbsp;&nbsp;&nbsp;&nbsp;&nbsp;&nbsp;&nbsp;&nbsp;&nbsp;&nbsp;&nbsp;&nbsp;&nbsp;&nbsp;&nbsp;&nbsp;&nbsp;&nbsp;&nbsp;&nbsp;&nbsp;&nbsp;&nbsp;&nbsp;&nbsp;&nbsp;&nbsp;&nbsp;&nbsp;&nbsp;&nbsp;&nbsp;&nbsp;&nbsp;Kazimierzem od c\u00f3rki z rodz.<\/p>\n<p style=\"font-weight: 400;\">Sobota&nbsp;&nbsp;&nbsp;&nbsp;&nbsp;&nbsp;&nbsp;&nbsp;&nbsp;&nbsp;&nbsp;&nbsp;godz. 16.30\u2026Za dusze wypominane w wypominkach rocznych<\/p>\n<p style=\"font-weight: 400;\"><strong>&nbsp;&nbsp;&nbsp;&nbsp;&nbsp;&nbsp;&nbsp;&nbsp;&nbsp;&nbsp;&nbsp;&nbsp;&nbsp;&nbsp;&nbsp;&nbsp;<\/strong><strong>&nbsp;&nbsp;&nbsp;&nbsp;&nbsp;&nbsp;&nbsp;<\/strong><\/p>\n<p style=\"font-weight: 400;\"><strong>&nbsp;&nbsp;&nbsp;&nbsp;&nbsp;&nbsp;&nbsp;&nbsp;&nbsp;&nbsp;&nbsp;&nbsp;&nbsp;&nbsp;&nbsp;&nbsp;&nbsp;&nbsp;&nbsp;&nbsp;&nbsp;&nbsp;&nbsp;<\/strong><strong>NIEDZIELA&nbsp;&nbsp;06.06. 2021<\/strong><\/p>\n<p style=\"font-weight: 400;\">&nbsp;&nbsp;&nbsp;&nbsp;&nbsp;&nbsp;&nbsp;&nbsp;&nbsp;&nbsp;&nbsp;&nbsp;&nbsp;<\/p>\n<p style=\"font-weight: 400;\">Godz.&nbsp;&nbsp;7.00\u2026++Wiktoria i Jan MICHNO z synem +Bronis\u0142awem<\/p>\n<p style=\"font-weight: 400;\">&nbsp;<\/p>\n<p style=\"font-weight: 400;\">&nbsp;&nbsp;&nbsp;&nbsp;&nbsp;&nbsp;&nbsp;&nbsp;&nbsp;&nbsp;&nbsp;&nbsp;&nbsp;&nbsp;&nbsp;&nbsp;&nbsp;&nbsp;&nbsp;&nbsp;&nbsp;&nbsp;&nbsp;&nbsp;&nbsp;&nbsp;&nbsp;&nbsp;&nbsp;&nbsp;&nbsp;&nbsp;&nbsp;&nbsp;&nbsp;&nbsp;&nbsp;&nbsp;&nbsp;<strong>KO\u015aCIELNIKI<\/strong><\/p>\n<p style=\"font-weight: 400;\">&nbsp;&nbsp;&nbsp;&nbsp;&nbsp;&nbsp;&nbsp;&nbsp;&nbsp;&nbsp;&nbsp;&nbsp;&nbsp;&nbsp;&nbsp;&nbsp;&nbsp;&nbsp;&nbsp;&nbsp;&nbsp;&nbsp;&nbsp;&nbsp;&nbsp;&nbsp;&nbsp;&nbsp;&nbsp;&nbsp;&nbsp;<strong>31<\/strong><strong>.05.2021 &#8211; 06.06. 2021<\/strong><\/p>\n<p style=\"font-weight: 400;\">Poniedzia\u0142ek&nbsp;&nbsp;&nbsp;godz. 18.30\u2026+Aniela NOWAK od Marty Nowak<\/p>\n<p style=\"font-weight: 400;\">\u015aroda&nbsp;&nbsp;&nbsp;&nbsp;&nbsp;&nbsp;&nbsp;&nbsp;&nbsp;&nbsp;&nbsp;&nbsp;&nbsp;&nbsp;godz. 19.00\u2026+Andrzej BUDZE\u0143 od te\u015bciowej<\/p>\n<p style=\"font-weight: 400;\">&nbsp;&nbsp;&nbsp;&nbsp;&nbsp;&nbsp;&nbsp;&nbsp;&nbsp;&nbsp;&nbsp;&nbsp;&nbsp;&nbsp;&nbsp;&nbsp;&nbsp;&nbsp;&nbsp;&nbsp;&nbsp;&nbsp;&nbsp;&nbsp;&nbsp;&nbsp;&nbsp;&nbsp;&nbsp;&nbsp;&nbsp;&nbsp;&nbsp;&nbsp;&nbsp;&nbsp;&nbsp;&nbsp;&nbsp;&nbsp;&nbsp;&nbsp;&nbsp;&nbsp;&nbsp;&nbsp;&nbsp;&nbsp;&nbsp;&nbsp;&nbsp;&nbsp;&nbsp;&nbsp;&nbsp;&nbsp;&nbsp;&nbsp;&nbsp;&nbsp;&nbsp;&nbsp;&nbsp;&nbsp;&nbsp;&nbsp;&nbsp;&nbsp;&nbsp;&nbsp;&nbsp;&nbsp;&nbsp;&nbsp;&nbsp;&nbsp;&nbsp;&nbsp;&nbsp;&nbsp;&nbsp;Stanis\u0142awy Lebida<\/p>\n<p style=\"font-weight: 400;\">&nbsp;&nbsp;&nbsp;&nbsp;&nbsp;&nbsp;&nbsp;&nbsp;&nbsp;&nbsp;&nbsp;&nbsp;&nbsp;&nbsp;&nbsp;&nbsp;&nbsp;&nbsp;&nbsp;&nbsp;&nbsp;&nbsp;&nbsp;&nbsp;&nbsp;&nbsp;&nbsp;&nbsp;&nbsp;&nbsp;&nbsp;&nbsp;&nbsp;&nbsp;&nbsp;&nbsp;&nbsp;&nbsp;&nbsp;&nbsp;<strong>BO\u017bE CIA\u0141O<\/strong><\/p>\n<p style=\"font-weight: 400;\">Czwartek&nbsp;&nbsp;&nbsp;&nbsp;&nbsp;&nbsp;&nbsp;&nbsp;godz. 1030\u2026++Leonarda i Jakub GAD<\/p>\n<p style=\"font-weight: 400;\">&nbsp;&nbsp;&nbsp;&nbsp;&nbsp;&nbsp;&nbsp;&nbsp;&nbsp;&nbsp;&nbsp;&nbsp;&nbsp;&nbsp;&nbsp;&nbsp;&nbsp;&nbsp;&nbsp;&nbsp;&nbsp;&nbsp;&nbsp;&nbsp;&nbsp;&nbsp;&nbsp;&nbsp;&nbsp;&nbsp;&nbsp;&nbsp;&nbsp;12.00\u2026+Aniela NOWAK od wnuczki Natalii z m\u0119\u017cem<\/p>\n<p style=\"font-weight: 400;\">&nbsp;&nbsp;&nbsp;&nbsp;&nbsp;&nbsp;&nbsp;&nbsp;&nbsp;&nbsp;&nbsp;&nbsp;&nbsp;&nbsp;&nbsp;&nbsp;&nbsp;&nbsp;&nbsp;&nbsp;&nbsp;&nbsp;&nbsp;&nbsp;&nbsp;&nbsp;&nbsp;&nbsp;&nbsp;&nbsp;&nbsp;&nbsp;&nbsp;17.00\u20261 Ks. +Marian KAROLCZYK w 10 r. \u015bm.<\/p>\n<p style=\"font-weight: 400;\">&nbsp;&nbsp;&nbsp;&nbsp;&nbsp;&nbsp;&nbsp;&nbsp;&nbsp;&nbsp;&nbsp;&nbsp;&nbsp;&nbsp;&nbsp;&nbsp;&nbsp;&nbsp;&nbsp;&nbsp;&nbsp;&nbsp;&nbsp;&nbsp;&nbsp;&nbsp;&nbsp;&nbsp;&nbsp;&nbsp;&nbsp;&nbsp;&nbsp;&nbsp;&nbsp;&nbsp;&nbsp;&nbsp;&nbsp;&nbsp;&nbsp;&nbsp;&nbsp;&nbsp;&nbsp;&nbsp;2 Ks. +Marianna TOMKIEWICZ<\/p>\n<p style=\"font-weight: 400;\">&nbsp;&nbsp;&nbsp;&nbsp;&nbsp;&nbsp;&nbsp;&nbsp;&nbsp;&nbsp;&nbsp;&nbsp;&nbsp;&nbsp;&nbsp;&nbsp;&nbsp;&nbsp;&nbsp;&nbsp;&nbsp;&nbsp;&nbsp;&nbsp;&nbsp;&nbsp;&nbsp;&nbsp;&nbsp;&nbsp;&nbsp;&nbsp;&nbsp;&nbsp;&nbsp;&nbsp;&nbsp;&nbsp;&nbsp;&nbsp;&nbsp;&nbsp;&nbsp;&nbsp;&nbsp;&nbsp;&nbsp;&nbsp;&nbsp;&nbsp;&nbsp;&nbsp;&nbsp;&nbsp;&nbsp;&nbsp;&nbsp;&nbsp;&nbsp;&nbsp;&nbsp;&nbsp;&nbsp;&nbsp;&nbsp;&nbsp;&nbsp;&nbsp;&nbsp;&nbsp;&nbsp;&nbsp;&nbsp;&nbsp;&nbsp;&nbsp;od m\u0119\u017ca i c\u00f3rki z rodz.<\/p>\n<p style=\"font-weight: 400;\">Pi\u0105tek&nbsp;&nbsp;&nbsp;&nbsp;&nbsp;&nbsp;&nbsp;&nbsp;&nbsp;&nbsp;&nbsp;&nbsp;&nbsp;godz.<strong>&nbsp;<\/strong>19.00\u20261 Ks. ++Stefania i Jakub ZAJ\u0104C<\/p>\n<p style=\"font-weight: 400;\">&nbsp;&nbsp;&nbsp;&nbsp;&nbsp;&nbsp;&nbsp;&nbsp;&nbsp;&nbsp;&nbsp;&nbsp;&nbsp;&nbsp;&nbsp;&nbsp;&nbsp;&nbsp;&nbsp;&nbsp;&nbsp;&nbsp;&nbsp;&nbsp;&nbsp;&nbsp;&nbsp;&nbsp;&nbsp;&nbsp;&nbsp;&nbsp;&nbsp;&nbsp;&nbsp;&nbsp;&nbsp;&nbsp;&nbsp;&nbsp;&nbsp;&nbsp;&nbsp;&nbsp;&nbsp;&nbsp;&nbsp;&nbsp;&nbsp;&nbsp;&nbsp;&nbsp;&nbsp;&nbsp;&nbsp;&nbsp;&nbsp;&nbsp;&nbsp;&nbsp;&nbsp;&nbsp;&nbsp;&nbsp;&nbsp;&nbsp;&nbsp;&nbsp;&nbsp;&nbsp;&nbsp;&nbsp;&nbsp;z c\u00f3rk\u0105 +Mari\u0105 JELE\u0143<\/p>\n<p style=\"font-weight: 400;\">&nbsp;&nbsp;&nbsp;&nbsp;&nbsp;&nbsp;&nbsp;&nbsp;&nbsp;&nbsp;&nbsp;&nbsp;&nbsp;&nbsp;&nbsp;&nbsp;&nbsp;&nbsp;&nbsp;&nbsp;&nbsp;&nbsp;&nbsp;&nbsp;&nbsp;&nbsp;&nbsp;&nbsp;&nbsp;&nbsp;&nbsp;&nbsp;&nbsp;&nbsp;&nbsp;&nbsp;&nbsp;&nbsp;&nbsp;&nbsp;&nbsp;&nbsp;&nbsp;&nbsp;&nbsp;&nbsp;2 Ks. Rocznica I Komunii \u015bw. dzieci<\/p>\n<p style=\"font-weight: 400;\">&nbsp;&nbsp;&nbsp;&nbsp;&nbsp;&nbsp;&nbsp;&nbsp;&nbsp;&nbsp;&nbsp;&nbsp;&nbsp;&nbsp;&nbsp;&nbsp;&nbsp;&nbsp;&nbsp;&nbsp;&nbsp;&nbsp;&nbsp;&nbsp;&nbsp;&nbsp;&nbsp;&nbsp;&nbsp;&nbsp;&nbsp;&nbsp;&nbsp;&nbsp;&nbsp;&nbsp;&nbsp;&nbsp;&nbsp;&nbsp;&nbsp;&nbsp;&nbsp;&nbsp;&nbsp;&nbsp;&nbsp;&nbsp;&nbsp;&nbsp;&nbsp;&nbsp;&nbsp;&nbsp;&nbsp;&nbsp;&nbsp;&nbsp;&nbsp;&nbsp;&nbsp;&nbsp;&nbsp;&nbsp;&nbsp;&nbsp;&nbsp;&nbsp;&nbsp;&nbsp;&nbsp;&nbsp;z Ko\u015bcielnik, G\u00f3rki i Wr\u00f3\u017cenic<\/p>\n<p style=\"font-weight: 400;\">&nbsp;<\/p>\n<p style=\"font-weight: 400;\"><strong>&nbsp;&nbsp;&nbsp;&nbsp;&nbsp;&nbsp;&nbsp;&nbsp;&nbsp;&nbsp;&nbsp;&nbsp;&nbsp;&nbsp;&nbsp;&nbsp;&nbsp;&nbsp;&nbsp;&nbsp;&nbsp;&nbsp;&nbsp;&nbsp;NIEDZIELA&nbsp;&nbsp;06.06.2021<\/strong><\/p>\n<p style=\"font-weight: 400;\">Godz. 10.30\u2026+J\u00f3zef MAZIA w 1 r, \u015bm.<\/p>\n<p style=\"font-weight: 400;\">&nbsp;&nbsp;&nbsp;&nbsp;&nbsp;&nbsp;&nbsp;&nbsp;&nbsp;&nbsp;&nbsp;12.00\u2026+Aniela NOWAK od wnuka Grzegorza z rodz.<\/p>\n<p style=\"font-weight: 400;\">&nbsp;&nbsp;&nbsp;&nbsp;&nbsp;&nbsp;&nbsp;&nbsp;&nbsp;&nbsp;<strong>&nbsp;<\/strong>17.00\u2026+Aniela NOWAK od kole\u017canek z pracy c\u00f3rki<\/p>\n<p style=\"font-weight: 400;\">&nbsp;<\/p>\n<p style=\"font-weight: 400;\">&nbsp;&nbsp;&nbsp;&nbsp;&nbsp;&nbsp;&nbsp;&nbsp;&nbsp;&nbsp;&nbsp;&nbsp;&nbsp;&nbsp;&nbsp;<strong>INTENCJE MSZY \u015aWI\u0118TYCH<\/strong><\/p>\n<p style=\"font-weight: 400;\">&nbsp;&nbsp;&nbsp;&nbsp;&nbsp;&nbsp;&nbsp;&nbsp;&nbsp;&nbsp;&nbsp;&nbsp;&nbsp;&nbsp;&nbsp;&nbsp;&nbsp;&nbsp;&nbsp;&nbsp;&nbsp;&nbsp;&nbsp;&nbsp;&nbsp;&nbsp;&nbsp;&nbsp;&nbsp;&nbsp;&nbsp;&nbsp;&nbsp;&nbsp;&nbsp;&nbsp;&nbsp;&nbsp;&nbsp;&nbsp;&nbsp;&nbsp;&nbsp;&nbsp;&nbsp;&nbsp;&nbsp;<strong>WOLICA<\/strong><\/p>\n<p style=\"font-weight: 400;\"><strong>31.05.2021 &#8211; 06.06. 2021<\/strong><\/p>\n<p style=\"font-weight: 400;\">Wtorek&nbsp;&nbsp;&nbsp;&nbsp;&nbsp;&nbsp;&nbsp;&nbsp;&nbsp;&nbsp;&nbsp;godz. 18.00\u2026++J\u00f3zef i Mieczys\u0142aw SONIK z synem<\/p>\n<p style=\"font-weight: 400;\">&nbsp;&nbsp;&nbsp;&nbsp;&nbsp;&nbsp;&nbsp;&nbsp;&nbsp;&nbsp;&nbsp;&nbsp;&nbsp;&nbsp;&nbsp;&nbsp;&nbsp;&nbsp;&nbsp;&nbsp;&nbsp;&nbsp;&nbsp;&nbsp;&nbsp;&nbsp;&nbsp;&nbsp;&nbsp;&nbsp;&nbsp;&nbsp;&nbsp;&nbsp;&nbsp;&nbsp;&nbsp;&nbsp;&nbsp;&nbsp;&nbsp;&nbsp;&nbsp;&nbsp;&nbsp;&nbsp;&nbsp;&nbsp;&nbsp;&nbsp;&nbsp;&nbsp;&nbsp;&nbsp;&nbsp;&nbsp;&nbsp;&nbsp;&nbsp;+Boles\u0142awem i wnukiem +Piotrem<\/p>\n<p style=\"font-weight: 400;\">&nbsp;&nbsp;&nbsp;&nbsp;&nbsp;&nbsp;&nbsp;&nbsp;&nbsp;&nbsp;&nbsp;&nbsp;&nbsp;&nbsp;&nbsp;&nbsp;&nbsp;&nbsp;&nbsp;&nbsp;&nbsp;&nbsp;&nbsp;&nbsp;&nbsp;&nbsp;&nbsp;&nbsp;&nbsp;&nbsp;&nbsp;&nbsp;&nbsp;&nbsp;&nbsp;&nbsp;&nbsp;&nbsp;&nbsp;<strong>BO\u017bE CIA\u0141O<\/strong><\/p>\n<p style=\"font-weight: 400;\">Czwartek&nbsp;&nbsp;&nbsp;&nbsp;&nbsp;&nbsp;&nbsp;&nbsp;godz. 8.30\u2026.+Maria KLESZCZ w 2 r. \u015bm;<\/p>\n<p style=\"font-weight: 400;\">&nbsp;&nbsp;&nbsp;&nbsp;&nbsp;&nbsp;&nbsp;&nbsp;&nbsp;&nbsp;&nbsp;&nbsp;&nbsp;&nbsp;&nbsp;&nbsp;&nbsp;&nbsp;&nbsp;&nbsp;&nbsp;&nbsp;&nbsp;&nbsp;&nbsp;&nbsp;&nbsp;&nbsp;&nbsp;&nbsp;&nbsp;&nbsp;&nbsp;&nbsp;&nbsp;&nbsp;&nbsp;&nbsp;&nbsp;&nbsp;&nbsp;&nbsp;&nbsp;&nbsp;++Jadwiga i Stanis\u0142aw MIGDA\u0141<\/p>\n<p style=\"font-weight: 400;\">Pi\u0105tek&nbsp;&nbsp;&nbsp;&nbsp;&nbsp;&nbsp;&nbsp;&nbsp;&nbsp;&nbsp;&nbsp;&nbsp;&nbsp;godz. 18.00\u2026+Andrzej SZEL\u0104G w 14 r. \u015bm.<\/p>\n<p style=\"font-weight: 400;\">Sobota&nbsp;&nbsp;&nbsp;&nbsp;&nbsp;&nbsp;&nbsp;&nbsp;&nbsp;&nbsp;&nbsp;&nbsp;godz. 17.30\u2026.+J\u00f3zef SZEL\u0104G imieninowa od \u017cony<\/p>\n<p style=\"font-weight: 400;\">&nbsp;&nbsp;&nbsp;&nbsp;&nbsp;&nbsp;&nbsp;&nbsp;&nbsp;&nbsp;&nbsp;&nbsp;&nbsp;&nbsp;&nbsp;&nbsp;&nbsp;&nbsp;&nbsp;&nbsp;&nbsp;&nbsp;&nbsp;&nbsp;&nbsp;&nbsp;&nbsp;&nbsp;&nbsp;<\/p>\n<p style=\"font-weight: 400;\">&nbsp;&nbsp;&nbsp;&nbsp;&nbsp;&nbsp;&nbsp;&nbsp;&nbsp;&nbsp;&nbsp;&nbsp;&nbsp;&nbsp;&nbsp;&nbsp;&nbsp;&nbsp;&nbsp;&nbsp;&nbsp;&nbsp;&nbsp;&nbsp;&nbsp;&nbsp;&nbsp;&nbsp;&nbsp;&nbsp;&nbsp;&nbsp;&nbsp;&nbsp;&nbsp;<strong>NIEDZIELA&nbsp;&nbsp;06.06.2021&nbsp;&nbsp;&nbsp;&nbsp;&nbsp;&nbsp;&nbsp;&nbsp;&nbsp;&nbsp;&nbsp;&nbsp;&nbsp;&nbsp;<\/strong><\/p>\n<p style=\"font-weight: 400;\">&nbsp;<\/p>\n<p style=\"font-weight: 400;\">Godz.&nbsp;&nbsp;&nbsp;9.00\u2026++Janina i Mieczys\u0142aw SZOSTAK; ++Katarzyna i Jan KULA<\/p>\n","protected":false},"excerpt":{"rendered":"<p>Intencje Mszy \u015aw. 31.05.21 &#8211; 06.06.21<\/p>\n","protected":false},"author":1,"featured_media":0,"comment_status":"closed","ping_status":"","sticky":false,"template":"","format":"standard","meta":{"om_disable_all_campaigns":false,"_uag_custom_page_level_css":"","ngg_post_thumbnail":0,"_jetpack_memberships_contains_paid_content":false,"footnotes":"","jetpack_publicize_message":"","jetpack_publicize_feature_enabled":true,"jetpack_social_post_already_shared":false,"jetpack_social_options":{"image_generator_settings":{"template":"highway","default_image_id":0,"enabled":false},"version":2}},"categories":[6],"tags":[],"post_formats":[],"class_list":["post-764","post","type-post","status-publish","format-standard","hentry","category-intmszysw"],"jetpack_publicize_connections":[],"guten_post_layout_featured_media_urls":{"full":false,"thumbnail":false,"medium":false,"medium_large":false,"large":false,"1536x1536":false,"2048x2048":false,"guten_post_layout_landscape_large":false,"guten_post_layout_portrait_large":false,"guten_post_layout_square_large":false,"guten_post_layout_landscape":false,"guten_post_layout_portrait":false,"guten_post_layout_square":false,"events-homepage-thumb":false,"woocommerce_thumbnail":false,"woocommerce_single":false,"woocommerce_gallery_thumbnail":false,"shop_catalog":false,"shop_single":false,"shop_thumbnail":false},"jetpack_featured_media_url":"","uagb_featured_image_src":{"full":false,"thumbnail":false,"medium":false,"medium_large":false,"large":false,"1536x1536":false,"2048x2048":false,"guten_post_layout_landscape_large":false,"guten_post_layout_portrait_large":false,"guten_post_layout_square_large":false,"guten_post_layout_landscape":false,"guten_post_layout_portrait":false,"guten_post_layout_square":false,"events-homepage-thumb":false,"woocommerce_thumbnail":false,"woocommerce_single":false,"woocommerce_gallery_thumbnail":false,"shop_catalog":false,"shop_single":false,"shop_thumbnail":false},"uagb_author_info":{"display_name":"admin9110","author_link":"https:\/\/gorkakoscielnicka.pl\/?author=1"},"uagb_comment_info":0,"uagb_excerpt":"Intencje Mszy \u015aw. 31.05.21 - 06.06.21","jetpack_sharing_enabled":true,"_links":{"self":[{"href":"https:\/\/gorkakoscielnicka.pl\/index.php?rest_route=\/wp\/v2\/posts\/764","targetHints":{"allow":["GET"]}}],"collection":[{"href":"https:\/\/gorkakoscielnicka.pl\/index.php?rest_route=\/wp\/v2\/posts"}],"about":[{"href":"https:\/\/gorkakoscielnicka.pl\/index.php?rest_route=\/wp\/v2\/types\/post"}],"author":[{"embeddable":true,"href":"https:\/\/gorkakoscielnicka.pl\/index.php?rest_route=\/wp\/v2\/users\/1"}],"replies":[{"embeddable":true,"href":"https:\/\/gorkakoscielnicka.pl\/index.php?rest_route=%2Fwp%2Fv2%2Fcomments&post=764"}],"version-history":[{"count":1,"href":"https:\/\/gorkakoscielnicka.pl\/index.php?rest_route=\/wp\/v2\/posts\/764\/revisions"}],"predecessor-version":[{"id":765,"href":"https:\/\/gorkakoscielnicka.pl\/index.php?rest_route=\/wp\/v2\/posts\/764\/revisions\/765"}],"wp:attachment":[{"href":"https:\/\/gorkakoscielnicka.pl\/index.php?rest_route=%2Fwp%2Fv2%2Fmedia&parent=764"}],"wp:term":[{"taxonomy":"category","embeddable":true,"href":"https:\/\/gorkakoscielnicka.pl\/index.php?rest_route=%2Fwp%2Fv2%2Fcategories&post=764"},{"taxonomy":"post_tag","embeddable":true,"href":"https:\/\/gorkakoscielnicka.pl\/index.php?rest_route=%2Fwp%2Fv2%2Ftags&post=764"},{"taxonomy":"post_format","embeddable":true,"href":"https:\/\/gorkakoscielnicka.pl\/index.php?rest_route=%2Fwp%2Fv2%2Fpost_formats&post=764"}],"curies":[{"name":"wp","href":"https:\/\/api.w.org\/{rel}","templated":true}]}}