{"id":722,"date":"2021-05-01T22:41:33","date_gmt":"2021-05-01T20:41:33","guid":{"rendered":"https:\/\/gorkakoscielnicka.pl\/?p=722"},"modified":"2021-05-01T22:41:33","modified_gmt":"2021-05-01T20:41:33","slug":"intencje-mszy-sw-03-05-21-09-05-21","status":"publish","type":"post","link":"https:\/\/gorkakoscielnicka.pl\/?p=722","title":{"rendered":"Intencje Mszy \u015aw. 03.05.21 &#8211; 09.05.21"},"content":{"rendered":"\n<p><strong>INTENCJE&nbsp;&nbsp;MSZY \u015aWI\u0118TYCH<\/strong><\/p>\n\n\n\n<p><strong>&nbsp;&nbsp;&nbsp;&nbsp;&nbsp;&nbsp;&nbsp;&nbsp;&nbsp;&nbsp;&nbsp;&nbsp;&nbsp;&nbsp;&nbsp;&nbsp;&nbsp;&nbsp;&nbsp;&nbsp;<\/strong><strong>G\u00d3RKA KO\u015aCIELNICKA<\/strong><\/p>\n\n\n\n<p><strong>&nbsp;&nbsp;&nbsp;&nbsp;&nbsp;&nbsp;&nbsp;&nbsp;&nbsp;&nbsp;&nbsp;&nbsp;&nbsp;&nbsp;&nbsp;&nbsp;&nbsp;&nbsp;&nbsp;&nbsp;&nbsp;03.05.2021&nbsp;&nbsp;&#8211;&nbsp;&nbsp;09.05. 2021<\/strong><\/p>\n\n\n\n<p><strong>&nbsp;&nbsp;&nbsp;&nbsp;&nbsp;&nbsp;&nbsp;&nbsp;&nbsp;&nbsp;&nbsp;&nbsp;&nbsp;&nbsp;<\/strong><strong>MATKI BO\u017bEJ KR\u00d3LOWEJ POLSKI<\/strong><\/p>\n\n\n\n<p>Poniedzia\u0142ek<strong>&nbsp;<\/strong>&nbsp;godz.&nbsp;&nbsp;&nbsp;7.00\u2026+Bronis\u0142awa GIERAS\/greg.\/&nbsp;&nbsp;&nbsp;&nbsp;<\/p>\n\n\n\n<p>Wtorek&nbsp;&nbsp;&nbsp;&nbsp;&nbsp;&nbsp;&nbsp;&nbsp;&nbsp;&nbsp;&nbsp;godz. 16.00\u2026+Janina WIERZBA od Heleny Adamczyk<\/p>\n\n\n\n<p>\u015aroda&nbsp;&nbsp;&nbsp;&nbsp;&nbsp;&nbsp;&nbsp;&nbsp;&nbsp;&nbsp;&nbsp;&nbsp;&nbsp;&nbsp;godz. 16.00\u2026+Aniela NOWAK od El\u017cbiety<\/p>\n\n\n\n<p>&nbsp;&nbsp;&nbsp;&nbsp;&nbsp;&nbsp;&nbsp;&nbsp;&nbsp;&nbsp;&nbsp;&nbsp;&nbsp;&nbsp;&nbsp;&nbsp;&nbsp;&nbsp;&nbsp;&nbsp;&nbsp;&nbsp;&nbsp;&nbsp;&nbsp;&nbsp;&nbsp;&nbsp;&nbsp;&nbsp;&nbsp;&nbsp;&nbsp;&nbsp;&nbsp;&nbsp;&nbsp;&nbsp;&nbsp;&nbsp;&nbsp;&nbsp;&nbsp;&nbsp;&nbsp;&nbsp;&nbsp;&nbsp;&nbsp;&nbsp;&nbsp;&nbsp;&nbsp;&nbsp;&nbsp;&nbsp;&nbsp;&nbsp;&nbsp;&nbsp;&nbsp;&nbsp;&nbsp;&nbsp;&nbsp;&nbsp;&nbsp;&nbsp;&nbsp;&nbsp;&nbsp;&nbsp;Wo\u017aniak z Kokotowa<\/p>\n\n\n\n<p>Czwartek&nbsp;&nbsp;&nbsp;&nbsp;&nbsp;&nbsp;&nbsp;&nbsp;godz. 16.00\u2026+Bronis\u0142awa GIERAS\/greg.\/&nbsp;&nbsp;&nbsp;&nbsp;<\/p>\n\n\n\n<p>Pi\u0105tek&nbsp;&nbsp;&nbsp;&nbsp;&nbsp;&nbsp;&nbsp;&nbsp;&nbsp;&nbsp;&nbsp;&nbsp;&nbsp;godz. 16.00\u2026+Bronis\u0142awa GIERAS\/greg.\/&nbsp;&nbsp;&nbsp;&nbsp;<\/p>\n\n\n\n<p>Sobota&nbsp;&nbsp;&nbsp;&nbsp;&nbsp;&nbsp;&nbsp;&nbsp;&nbsp;&nbsp;&nbsp;&nbsp;<strong>godz. 16.00<\/strong>\u2026+Bronis\u0142awa GIERAS\/greg.\/<\/p>\n\n\n\n<p><strong>&nbsp;&nbsp;&nbsp;&nbsp;&nbsp;&nbsp;&nbsp;&nbsp;&nbsp;&nbsp;&nbsp;&nbsp;&nbsp;&nbsp;&nbsp;&nbsp;&nbsp;&nbsp;&nbsp;<\/strong><strong>NIEDZIELA&nbsp;&nbsp;09.05. 2021<\/strong><\/p>\n\n\n\n<p>Godz.&nbsp;&nbsp;7.00\u2026+Bronis\u0142awa GIERAS\/greg.\/&nbsp;&nbsp;&nbsp;&nbsp;<\/p>\n\n\n\n<p>&nbsp;&nbsp;&nbsp;&nbsp;&nbsp;&nbsp;&nbsp;&nbsp;&nbsp;&nbsp;&nbsp;&nbsp;&nbsp;&nbsp;&nbsp;&nbsp;&nbsp;&nbsp;&nbsp;&nbsp;&nbsp;&nbsp;&nbsp;&nbsp;&nbsp;&nbsp;&nbsp;&nbsp;&nbsp;&nbsp;&nbsp;&nbsp;&nbsp;&nbsp;&nbsp;&nbsp;&nbsp;&nbsp;<strong>KO\u015aCIELNIKI<\/strong><\/p>\n\n\n\n<p>&nbsp;&nbsp;&nbsp;&nbsp;&nbsp;&nbsp;&nbsp;&nbsp;&nbsp;&nbsp;&nbsp;&nbsp;&nbsp;&nbsp;&nbsp;&nbsp;&nbsp;&nbsp;&nbsp;&nbsp;&nbsp;&nbsp;&nbsp;&nbsp;&nbsp;&nbsp;&nbsp;&nbsp;&nbsp;&nbsp;&nbsp;<strong>03<\/strong><strong>.05.2021 &#8211; 09.05. 2021<\/strong><\/p>\n\n\n\n<p><strong>&nbsp;&nbsp;&nbsp;&nbsp;&nbsp;&nbsp;&nbsp;&nbsp;&nbsp;&nbsp;&nbsp;&nbsp;&nbsp;&nbsp;<\/strong><strong>MATKI BO\u017bEJ KR\u00d3LOWEJ POLSKI<\/strong><strong><\/strong><\/p>\n\n\n\n<p>Poniedzia\u0142ek&nbsp;&nbsp;&nbsp;godz. 10.30\u20261 Ks.+Aniela NOWAK i zm. w rodz.<\/p>\n\n\n\n<p>&nbsp;&nbsp;&nbsp;&nbsp;&nbsp;&nbsp;&nbsp;&nbsp;&nbsp;&nbsp;&nbsp;&nbsp;&nbsp;&nbsp;&nbsp;&nbsp;&nbsp;&nbsp;&nbsp;&nbsp;&nbsp;&nbsp;&nbsp;&nbsp;&nbsp;&nbsp;&nbsp;&nbsp;&nbsp;&nbsp;&nbsp;&nbsp;&nbsp;&nbsp;&nbsp;&nbsp;&nbsp;&nbsp;&nbsp;&nbsp;&nbsp;&nbsp;&nbsp;&nbsp;&nbsp;&nbsp;&nbsp;2 Ks. W 18-t\u0105 roczn. urodzin DAWIDA<\/p>\n\n\n\n<p>&nbsp;&nbsp;&nbsp;&nbsp;&nbsp;&nbsp;&nbsp;&nbsp;&nbsp;&nbsp;&nbsp;&nbsp;&nbsp;&nbsp;&nbsp;&nbsp;&nbsp;&nbsp;&nbsp;&nbsp;&nbsp;&nbsp;&nbsp;&nbsp;&nbsp;&nbsp;&nbsp;&nbsp;&nbsp;&nbsp;&nbsp;&nbsp;&nbsp;&nbsp;&nbsp;&nbsp;KAWULA, dzi\u0119kcz, o zdrowie i Bo\u017ce b\u0142og w \u017cyciu<\/p>\n\n\n\n<p>&nbsp;&nbsp;&nbsp;&nbsp;&nbsp;&nbsp;&nbsp;&nbsp;&nbsp;&nbsp;&nbsp;&nbsp;&nbsp;&nbsp;&nbsp;&nbsp;&nbsp;&nbsp;&nbsp;&nbsp;&nbsp;&nbsp;&nbsp;&nbsp;&nbsp;&nbsp;&nbsp;&nbsp;&nbsp;&nbsp;12.00\u2026+Aniela NOWAK od El\u017cbiety Szczepa\u0144skiej z rodz.<\/p>\n\n\n\n<p>&nbsp;&nbsp;&nbsp;&nbsp;&nbsp;&nbsp;&nbsp;&nbsp;&nbsp;&nbsp;&nbsp;&nbsp;&nbsp;&nbsp;&nbsp;&nbsp;&nbsp;&nbsp;&nbsp;&nbsp;&nbsp;&nbsp;&nbsp;&nbsp;&nbsp;&nbsp;&nbsp;&nbsp;&nbsp;&nbsp;<strong>16.30\u2026 MAJ\u00d3WKA<\/strong><\/p>\n\n\n\n<p>&nbsp;&nbsp;&nbsp;&nbsp;&nbsp;&nbsp;&nbsp;&nbsp;&nbsp;&nbsp;&nbsp;&nbsp;&nbsp;&nbsp;&nbsp;&nbsp;&nbsp;&nbsp;&nbsp;&nbsp;&nbsp;&nbsp;&nbsp;&nbsp;&nbsp;&nbsp;&nbsp;&nbsp;&nbsp;&nbsp;17.00\u2026++Stanis\u0142awa i Alojzy KAMI\u0143SCY<\/p>\n\n\n\n<p>\u015aroda&nbsp;&nbsp;&nbsp;&nbsp;&nbsp;&nbsp;&nbsp;&nbsp;&nbsp;&nbsp;&nbsp;&nbsp;&nbsp;&nbsp;godz. 18.30\u2026+Bronis\u0142awa GIERAS\/greg.\/<\/p>\n\n\n\n<p>Pi\u0105tek&nbsp;&nbsp;&nbsp;&nbsp;&nbsp;&nbsp;&nbsp;&nbsp;&nbsp;&nbsp;&nbsp;&nbsp;&nbsp;godz.18.30\u2026+Stanis\u0142aw STOCZY\u0143SKI imieninowa<\/p>\n\n\n\n<p>&nbsp;&nbsp;&nbsp;&nbsp;&nbsp;&nbsp;&nbsp;&nbsp;&nbsp;&nbsp;&nbsp;&nbsp;&nbsp;&nbsp;&nbsp;&nbsp;&nbsp;&nbsp;&nbsp;&nbsp;&nbsp;&nbsp;&nbsp;&nbsp;&nbsp;&nbsp;&nbsp;&nbsp;&nbsp;&nbsp;&nbsp;&nbsp;&nbsp;&nbsp;&nbsp;&nbsp;&nbsp;&nbsp;&nbsp;&nbsp;&nbsp;&nbsp;&nbsp;&nbsp;&nbsp;&nbsp;&nbsp;&nbsp;&nbsp;&nbsp;&nbsp;&nbsp;&nbsp;&nbsp;&nbsp;&nbsp;&nbsp;&nbsp;&nbsp;&nbsp;&nbsp;&nbsp;&nbsp;&nbsp;z \u017con\u0105 +Janin\u0105<\/p>\n\n\n\n<p>Sobota&nbsp;&nbsp;&nbsp;&nbsp;&nbsp;&nbsp;&nbsp;&nbsp;&nbsp;&nbsp;&nbsp;&nbsp;&nbsp;godz. 18.30\u2026+Stanis\u0142awa JAKUBEK imieninowa<\/p>\n\n\n\n<p>&nbsp;&nbsp;&nbsp;&nbsp;&nbsp;&nbsp;&nbsp;&nbsp;&nbsp;&nbsp;&nbsp;&nbsp;&nbsp;&nbsp;&nbsp;&nbsp;&nbsp;&nbsp;&nbsp;&nbsp;&nbsp;&nbsp;&nbsp;&nbsp;&nbsp;&nbsp;&nbsp;&nbsp;&nbsp;&nbsp;&nbsp;&nbsp;&nbsp;&nbsp;&nbsp;&nbsp;&nbsp;&nbsp;&nbsp;&nbsp;&nbsp;&nbsp;&nbsp;&nbsp;&nbsp;&nbsp;&nbsp;&nbsp;&nbsp;&nbsp;&nbsp;&nbsp;&nbsp;&nbsp;&nbsp;&nbsp;&nbsp;z m\u0119\u017cem +Kazimierzem<\/p>\n\n\n\n<p>&nbsp;&nbsp;&nbsp;&nbsp;&nbsp;&nbsp;&nbsp;&nbsp;&nbsp;&nbsp;&nbsp;&nbsp;&nbsp;&nbsp;&nbsp;&nbsp;&nbsp;&nbsp;&nbsp;&nbsp;&nbsp;&nbsp;&nbsp;&nbsp;&nbsp;&nbsp;&nbsp;&nbsp;&nbsp;&nbsp;&nbsp;&nbsp;<strong>NIEDZIELA&nbsp;&nbsp;09.05.2021<\/strong><\/p>\n\n\n\n<p>Godz. 10.30\u2026++Stanis\u0142awa i Marian KWATERA<\/p>\n\n\n\n<p>&nbsp;&nbsp;&nbsp;&nbsp;&nbsp;&nbsp;&nbsp;&nbsp;&nbsp;&nbsp;&nbsp;12.00\u2026++Janina i Tadeusz STOLEC; +Zbigniew STOLEC<\/p>\n\n\n\n<p>&nbsp;&nbsp;&nbsp;&nbsp;&nbsp;&nbsp;&nbsp;&nbsp;&nbsp;&nbsp;&nbsp;<strong>16.30\u2026MAJ\u00d3WKA&nbsp;&nbsp;&nbsp;&nbsp;&nbsp;&nbsp;&nbsp;&nbsp;&nbsp;&nbsp;&nbsp;<\/strong><\/p>\n\n\n\n<p>&nbsp;&nbsp;&nbsp;&nbsp;&nbsp;&nbsp;&nbsp;&nbsp;&nbsp;&nbsp;&nbsp;17.00\u2026+Aniela NOWAK od s\u0105siad\u00f3w \u015aciborowskich<\/p>\n\n\n\n<p>&nbsp;&nbsp;&nbsp;&nbsp;&nbsp;&nbsp;&nbsp;&nbsp;&nbsp;&nbsp;&nbsp;&nbsp;&nbsp;&nbsp;&nbsp;<strong>INTENCJE MSZY \u015aWI\u0118TYCH<\/strong><\/p>\n\n\n\n<p>&nbsp;&nbsp;&nbsp;&nbsp;&nbsp;&nbsp;&nbsp;&nbsp;&nbsp;&nbsp;&nbsp;&nbsp;&nbsp;&nbsp;&nbsp;&nbsp;&nbsp;&nbsp;&nbsp;&nbsp;&nbsp;&nbsp;&nbsp;&nbsp;&nbsp;&nbsp;&nbsp;&nbsp;&nbsp;&nbsp;&nbsp;&nbsp;&nbsp;&nbsp;&nbsp;&nbsp;&nbsp;&nbsp;&nbsp;&nbsp;&nbsp;&nbsp;&nbsp;&nbsp;&nbsp;&nbsp;&nbsp;<strong>WOLICA<\/strong><\/p>\n\n\n\n<p><strong>03.05.2021 &#8211; 09.05. 2021<\/strong><\/p>\n\n\n\n<p><strong>MATKI BO\u017bEJ KR\u00d3LOWEJ POLSKI<\/strong><strong><\/strong><\/p>\n\n\n\n<p>Poniedzia\u0142ek&nbsp;&nbsp;godz. 9.00\u20261 Ks. +Maria \u015aWI\u0118TEK od szwagra J\u00f3zefa<\/p>\n\n\n\n<p>&nbsp;&nbsp;&nbsp;&nbsp;&nbsp;&nbsp;&nbsp;&nbsp;&nbsp;&nbsp;&nbsp;&nbsp;&nbsp;&nbsp;&nbsp;&nbsp;&nbsp;&nbsp;&nbsp;&nbsp;&nbsp;&nbsp;&nbsp;&nbsp;&nbsp;&nbsp;&nbsp;&nbsp;&nbsp;&nbsp;&nbsp;&nbsp;&nbsp;&nbsp;&nbsp;&nbsp;&nbsp;&nbsp;&nbsp;&nbsp;&nbsp;&nbsp;&nbsp;&nbsp;2 Ks. W int. Stra\u017cak\u00f3w z Wolicy i z Przylasku<\/p>\n\n\n\n<p>&nbsp;&nbsp;&nbsp;&nbsp;&nbsp;&nbsp;&nbsp;&nbsp;&nbsp;&nbsp;&nbsp;&nbsp;&nbsp;&nbsp;&nbsp;&nbsp;&nbsp;&nbsp;&nbsp;&nbsp;&nbsp;&nbsp;&nbsp;&nbsp;&nbsp;&nbsp;&nbsp;&nbsp;&nbsp;&nbsp;&nbsp;&nbsp;&nbsp;&nbsp;&nbsp;&nbsp;&nbsp;&nbsp;&nbsp;&nbsp;&nbsp;&nbsp;&nbsp;&nbsp;&nbsp;&nbsp;&nbsp;&nbsp;&nbsp;&nbsp;&nbsp;&nbsp;&nbsp;&nbsp;o Bo\u017ce b\u0142og. i opiek\u0119 \u015aw. Floriana<\/p>\n\n\n\n<p>Wtorek&nbsp;&nbsp;&nbsp;&nbsp;&nbsp;&nbsp;&nbsp;&nbsp;&nbsp;&nbsp;&nbsp;godz. 17.30\u2026+Bronis\u0142awa GIERAS\/greg.\/<\/p>\n\n\n\n<p>Czwartek&nbsp;&nbsp;&nbsp;&nbsp;&nbsp;&nbsp;&nbsp;&nbsp;godz. 17.30\u2026+Janin WIERZBA od Agnieszki i Damiana<\/p>\n\n\n\n<p>&nbsp;&nbsp;&nbsp;&nbsp;&nbsp;&nbsp;&nbsp;&nbsp;&nbsp;&nbsp;&nbsp;&nbsp;&nbsp;&nbsp;&nbsp;&nbsp;&nbsp;&nbsp;&nbsp;&nbsp;&nbsp;&nbsp;&nbsp;&nbsp;&nbsp;&nbsp;&nbsp;&nbsp;&nbsp;&nbsp;&nbsp;&nbsp;&nbsp;&nbsp;&nbsp;&nbsp;&nbsp;&nbsp;&nbsp;&nbsp;&nbsp;&nbsp;&nbsp;&nbsp;&nbsp;&nbsp;&nbsp;&nbsp;&nbsp;&nbsp;&nbsp;&nbsp;&nbsp;&nbsp;&nbsp;&nbsp;&nbsp;&nbsp;&nbsp;&nbsp;&nbsp;&nbsp;&nbsp;&nbsp;Walczyk z dzie\u0107mi.<\/p>\n\n\n\n<p>Pi\u0105tek&nbsp;&nbsp;&nbsp;&nbsp;&nbsp;&nbsp;&nbsp;&nbsp;&nbsp;&nbsp;&nbsp;&nbsp;&nbsp;godz. 17.30\u2026+Gra\u017cyna NADYMUS w 5 r. \u015bm.<strong><\/strong><\/p>\n\n\n\n<p>Sobota&nbsp;&nbsp;&nbsp;&nbsp;&nbsp;&nbsp;&nbsp;&nbsp;&nbsp;&nbsp;&nbsp;&nbsp;godz. 17.30\u2026Za Parafian<\/p>\n\n\n\n<p>&nbsp;&nbsp;&nbsp;&nbsp;&nbsp;&nbsp;&nbsp;&nbsp;&nbsp;&nbsp;&nbsp;&nbsp;&nbsp;&nbsp;&nbsp;&nbsp;&nbsp;&nbsp;&nbsp;&nbsp;&nbsp;&nbsp;&nbsp;&nbsp;&nbsp;&nbsp;&nbsp;&nbsp;&nbsp;&nbsp;&nbsp;&nbsp;&nbsp;&nbsp;&nbsp;<strong>NIEDZIELA&nbsp;&nbsp;09.05.2021&nbsp;&nbsp;&nbsp;&nbsp;&nbsp;&nbsp;&nbsp;&nbsp;&nbsp;&nbsp;&nbsp;&nbsp;&nbsp;&nbsp;<\/strong><\/p>\n\n\n\n<p>Godz.&nbsp;&nbsp;&nbsp;9.00\u2026+Andrzej PIETRAS w 16 r. \u015bm. z ojcem +Stanis\u0142awem<\/p>\n\n\n\n<p>&#8230;<\/p>\n\n\n\n<p><\/p>\n","protected":false},"excerpt":{"rendered":"<p>Intencje Mszy \u015aw. 03.05.21 &#8211; 09.05.21<\/p>\n","protected":false},"author":1,"featured_media":0,"comment_status":"closed","ping_status":"","sticky":false,"template":"","format":"standard","meta":{"om_disable_all_campaigns":false,"_uag_custom_page_level_css":"","ngg_post_thumbnail":0,"_jetpack_memberships_contains_paid_content":false,"footnotes":"","jetpack_publicize_message":"","jetpack_publicize_feature_enabled":true,"jetpack_social_post_already_shared":false,"jetpack_social_options":{"image_generator_settings":{"template":"highway","default_image_id":0,"enabled":false},"version":2}},"categories":[6],"tags":[],"post_formats":[],"class_list":["post-722","post","type-post","status-publish","format-standard","hentry","category-intmszysw"],"jetpack_publicize_connections":[],"guten_post_layout_featured_media_urls":{"full":false,"thumbnail":false,"medium":false,"medium_large":false,"large":false,"1536x1536":false,"2048x2048":false,"guten_post_layout_landscape_large":false,"guten_post_layout_portrait_large":false,"guten_post_layout_square_large":false,"guten_post_layout_landscape":false,"guten_post_layout_portrait":false,"guten_post_layout_square":false,"events-homepage-thumb":false,"woocommerce_thumbnail":false,"woocommerce_single":false,"woocommerce_gallery_thumbnail":false,"shop_catalog":false,"shop_single":false,"shop_thumbnail":false},"jetpack_featured_media_url":"","uagb_featured_image_src":{"full":false,"thumbnail":false,"medium":false,"medium_large":false,"large":false,"1536x1536":false,"2048x2048":false,"guten_post_layout_landscape_large":false,"guten_post_layout_portrait_large":false,"guten_post_layout_square_large":false,"guten_post_layout_landscape":false,"guten_post_layout_portrait":false,"guten_post_layout_square":false,"events-homepage-thumb":false,"woocommerce_thumbnail":false,"woocommerce_single":false,"woocommerce_gallery_thumbnail":false,"shop_catalog":false,"shop_single":false,"shop_thumbnail":false},"uagb_author_info":{"display_name":"admin9110","author_link":"https:\/\/gorkakoscielnicka.pl\/?author=1"},"uagb_comment_info":0,"uagb_excerpt":"Intencje Mszy \u015aw. 03.05.21 - 09.05.21","jetpack_sharing_enabled":true,"_links":{"self":[{"href":"https:\/\/gorkakoscielnicka.pl\/index.php?rest_route=\/wp\/v2\/posts\/722","targetHints":{"allow":["GET"]}}],"collection":[{"href":"https:\/\/gorkakoscielnicka.pl\/index.php?rest_route=\/wp\/v2\/posts"}],"about":[{"href":"https:\/\/gorkakoscielnicka.pl\/index.php?rest_route=\/wp\/v2\/types\/post"}],"author":[{"embeddable":true,"href":"https:\/\/gorkakoscielnicka.pl\/index.php?rest_route=\/wp\/v2\/users\/1"}],"replies":[{"embeddable":true,"href":"https:\/\/gorkakoscielnicka.pl\/index.php?rest_route=%2Fwp%2Fv2%2Fcomments&post=722"}],"version-history":[{"count":1,"href":"https:\/\/gorkakoscielnicka.pl\/index.php?rest_route=\/wp\/v2\/posts\/722\/revisions"}],"predecessor-version":[{"id":723,"href":"https:\/\/gorkakoscielnicka.pl\/index.php?rest_route=\/wp\/v2\/posts\/722\/revisions\/723"}],"wp:attachment":[{"href":"https:\/\/gorkakoscielnicka.pl\/index.php?rest_route=%2Fwp%2Fv2%2Fmedia&parent=722"}],"wp:term":[{"taxonomy":"category","embeddable":true,"href":"https:\/\/gorkakoscielnicka.pl\/index.php?rest_route=%2Fwp%2Fv2%2Fcategories&post=722"},{"taxonomy":"post_tag","embeddable":true,"href":"https:\/\/gorkakoscielnicka.pl\/index.php?rest_route=%2Fwp%2Fv2%2Ftags&post=722"},{"taxonomy":"post_format","embeddable":true,"href":"https:\/\/gorkakoscielnicka.pl\/index.php?rest_route=%2Fwp%2Fv2%2Fpost_formats&post=722"}],"curies":[{"name":"wp","href":"https:\/\/api.w.org\/{rel}","templated":true}]}}