{"id":720,"date":"2021-05-01T22:37:21","date_gmt":"2021-05-01T20:37:21","guid":{"rendered":"https:\/\/gorkakoscielnicka.pl\/?p=720"},"modified":"2021-05-01T22:37:21","modified_gmt":"2021-05-01T20:37:21","slug":"ogloszenia-duszpasterskie-02-05-2021","status":"publish","type":"post","link":"https:\/\/gorkakoscielnicka.pl\/?p=720","title":{"rendered":"Og\u0142oszenia duszpasterskie 02.05.2021"},"content":{"rendered":"\n<p><strong>\u00a0V\u00a0NIEDZIELA\u00a0\u00a0WIELKANOCNA<\/strong><\/p>\n\n\n\n<p>1. Ko\u015bci\u00f3\u0142 jest wsp\u00f3lnot\u0105 zakorzenion\u0105 w Chrystusie, kt\u00f3ry jest krzewem winnym, a my jeste\u015bmy latoro\u015blami. Warto u\u015bwiadamia\u0107 sobie t\u0119 ewangeliczn\u0105 prawd\u0119 i \u015bwiadczy\u0107 o niej swoim \u017cyciem. A ka\u017cde uczestnictwo w Eucharystii jest nieustannym wzrastaniem w mi\u0142o\u015bci.<\/p>\n\n\n\n<p>2. Rozpocz\u0119li\u015bmy maj, miesi\u0105c po\u015bwi\u0119cony szczeg\u00f3lnej czci Matki Bo\u017cej. Ka\u017cdego dnia p\u00f3\u0142 godz. przed Mszami \u015bw.&nbsp;&nbsp;zapraszamy na nabo\u017ce\u0144stwo majowe.<\/p>\n\n\n\n<p>3.&nbsp;<strong>Jutro, 3 maja, Uroczysto\u015b\u0107 Naj\u015bwi\u0119tszej Maryi Panny, Kr\u00f3lowej Polski, g\u0142\u00f3wnej patronki naszego narodu.<\/strong>&nbsp;Przez lata ta uroczysto\u015b\u0107 jednoczy\u0142a nas wok\u00f3\u0142 sanktuarium jasnog\u00f3rskiego, o kt\u00f3rym \u015bw. Jan Pawe\u0142 II, powiedzia\u0142 \u017ce tam bije serce naszego narodu. Porz\u0105dek Mszy \u015bw. jak w ka\u017cd\u0105 niedziel\u0119.<\/p>\n\n\n\n<p>4. W pierwszy pi\u0105tek miesi\u0105ca okazja do spowiedzi i Komunii \u015awi\u0119tej wynagradzaj\u0105cej Naj\u015bwi\u0119tszemu Sercu Jezusa. Chorych odwiedz\u0119 od godz. 9.00.<\/p>\n\n\n\n<p>5. B\u00f3g zap\u0142a\u0107 za sprz\u0105tanie naszych \u015bwi\u0105ty\u0144 i za z\u0142o\u017cone ofiary. Czytajmy pras\u0119 religijn\u0105.<\/p>\n\n\n\n<p>&nbsp;<strong>W tym tygodniu patronuj\u0105 nam:<\/strong><\/p>\n\n\n\n<p>\u2013 we wtorek 4 maja \u2013 \u015bw. Florian (ok. 250-ok. 304), \u017co\u0142nierz, m\u0119czennik, patron stra\u017cak\u00f3w;<\/p>\n\n\n\n<p>\u2013 w czwartek 6 maja \u2013 \u015bwi\u0119ci aposto\u0142owie Filip (\u2020I w.) i Jakub (\u202062);<\/p>\n\n\n\n<p>\u2013 w sobot\u0119 8 maja \u2013 \u015bw. Stanis\u0142aw (mi\u0119dzy 1034 a 1040-1079), biskup i m\u0119czennik, g\u0142\u00f3wny patron Polski.<\/p>\n","protected":false},"excerpt":{"rendered":"<p>\u00a0V\u00a0NIEDZIELA\u00a0\u00a0WIELKANOCNA 1. Ko\u015bci\u00f3\u0142 jest wsp\u00f3lnot\u0105 zakorzenion\u0105 w Chrystusie, kt\u00f3ry jest krzewem winnym, a my jeste\u015bmy latoro\u015blami. Warto u\u015bwiadamia\u0107 sobie t\u0119 ewangeliczn\u0105 prawd\u0119 i \u015bwiadczy\u0107 o niej swoim \u017cyciem. A ka\u017cde [&hellip;]<\/p>\n","protected":false},"author":1,"featured_media":0,"comment_status":"closed","ping_status":"","sticky":false,"template":"","format":"standard","meta":{"om_disable_all_campaigns":false,"_uag_custom_page_level_css":"","ngg_post_thumbnail":0,"_jetpack_memberships_contains_paid_content":false,"footnotes":"","jetpack_publicize_message":"","jetpack_publicize_feature_enabled":true,"jetpack_social_post_already_shared":false,"jetpack_social_options":{"image_generator_settings":{"template":"highway","default_image_id":0,"enabled":false},"version":2}},"categories":[5],"tags":[],"post_formats":[],"class_list":["post-720","post","type-post","status-publish","format-standard","hentry","category-oglodusz"],"jetpack_publicize_connections":[],"guten_post_layout_featured_media_urls":{"full":false,"thumbnail":false,"medium":false,"medium_large":false,"large":false,"1536x1536":false,"2048x2048":false,"guten_post_layout_landscape_large":false,"guten_post_layout_portrait_large":false,"guten_post_layout_square_large":false,"guten_post_layout_landscape":false,"guten_post_layout_portrait":false,"guten_post_layout_square":false,"events-homepage-thumb":false,"woocommerce_thumbnail":false,"woocommerce_single":false,"woocommerce_gallery_thumbnail":false,"shop_catalog":false,"shop_single":false,"shop_thumbnail":false},"jetpack_featured_media_url":"","uagb_featured_image_src":{"full":false,"thumbnail":false,"medium":false,"medium_large":false,"large":false,"1536x1536":false,"2048x2048":false,"guten_post_layout_landscape_large":false,"guten_post_layout_portrait_large":false,"guten_post_layout_square_large":false,"guten_post_layout_landscape":false,"guten_post_layout_portrait":false,"guten_post_layout_square":false,"events-homepage-thumb":false,"woocommerce_thumbnail":false,"woocommerce_single":false,"woocommerce_gallery_thumbnail":false,"shop_catalog":false,"shop_single":false,"shop_thumbnail":false},"uagb_author_info":{"display_name":"admin9110","author_link":"https:\/\/gorkakoscielnicka.pl\/?author=1"},"uagb_comment_info":0,"uagb_excerpt":"\u00a0V\u00a0NIEDZIELA\u00a0\u00a0WIELKANOCNA 1. Ko\u015bci\u00f3\u0142 jest wsp\u00f3lnot\u0105 zakorzenion\u0105 w Chrystusie, kt\u00f3ry jest krzewem winnym, a my jeste\u015bmy latoro\u015blami. Warto u\u015bwiadamia\u0107 sobie t\u0119 ewangeliczn\u0105 prawd\u0119 i \u015bwiadczy\u0107 o niej swoim \u017cyciem. A ka\u017cde [&hellip;]","jetpack_sharing_enabled":true,"_links":{"self":[{"href":"https:\/\/gorkakoscielnicka.pl\/index.php?rest_route=\/wp\/v2\/posts\/720","targetHints":{"allow":["GET"]}}],"collection":[{"href":"https:\/\/gorkakoscielnicka.pl\/index.php?rest_route=\/wp\/v2\/posts"}],"about":[{"href":"https:\/\/gorkakoscielnicka.pl\/index.php?rest_route=\/wp\/v2\/types\/post"}],"author":[{"embeddable":true,"href":"https:\/\/gorkakoscielnicka.pl\/index.php?rest_route=\/wp\/v2\/users\/1"}],"replies":[{"embeddable":true,"href":"https:\/\/gorkakoscielnicka.pl\/index.php?rest_route=%2Fwp%2Fv2%2Fcomments&post=720"}],"version-history":[{"count":1,"href":"https:\/\/gorkakoscielnicka.pl\/index.php?rest_route=\/wp\/v2\/posts\/720\/revisions"}],"predecessor-version":[{"id":721,"href":"https:\/\/gorkakoscielnicka.pl\/index.php?rest_route=\/wp\/v2\/posts\/720\/revisions\/721"}],"wp:attachment":[{"href":"https:\/\/gorkakoscielnicka.pl\/index.php?rest_route=%2Fwp%2Fv2%2Fmedia&parent=720"}],"wp:term":[{"taxonomy":"category","embeddable":true,"href":"https:\/\/gorkakoscielnicka.pl\/index.php?rest_route=%2Fwp%2Fv2%2Fcategories&post=720"},{"taxonomy":"post_tag","embeddable":true,"href":"https:\/\/gorkakoscielnicka.pl\/index.php?rest_route=%2Fwp%2Fv2%2Ftags&post=720"},{"taxonomy":"post_format","embeddable":true,"href":"https:\/\/gorkakoscielnicka.pl\/index.php?rest_route=%2Fwp%2Fv2%2Fpost_formats&post=720"}],"curies":[{"name":"wp","href":"https:\/\/api.w.org\/{rel}","templated":true}]}}