{"id":710,"date":"2021-04-17T15:25:52","date_gmt":"2021-04-17T13:25:52","guid":{"rendered":"https:\/\/gorkakoscielnicka.pl\/?p=710"},"modified":"2021-04-17T15:25:52","modified_gmt":"2021-04-17T13:25:52","slug":"intencje-mszy-sw-19-04-21-25-04-21","status":"publish","type":"post","link":"https:\/\/gorkakoscielnicka.pl\/?p=710","title":{"rendered":"Intencje Mszy \u015aw. 19.04.21 &#8211; 25.04.21"},"content":{"rendered":"\n<p><strong>NTENCJE&nbsp;&nbsp;MSZY \u015aWI\u0118TYCH<\/strong><\/p>\n\n\n\n<p><strong>&nbsp;&nbsp;&nbsp;&nbsp;&nbsp;&nbsp;&nbsp;&nbsp;&nbsp;&nbsp;&nbsp;&nbsp;&nbsp;&nbsp;&nbsp;&nbsp;&nbsp;&nbsp;<\/strong><strong>G\u00d3RKA KO\u015aCIELNICKA<\/strong><\/p>\n\n\n\n<p><strong>&nbsp;&nbsp;&nbsp;&nbsp;&nbsp;&nbsp;&nbsp;&nbsp;&nbsp;&nbsp;&nbsp;&nbsp;&nbsp;&nbsp;&nbsp;&nbsp;&nbsp;&nbsp;&nbsp;&nbsp;&nbsp;19.04.2021&nbsp;&nbsp;&#8211;&nbsp;&nbsp;25.04. 2021<\/strong><\/p>\n\n\n\n<p>Poniedzia\u0142ek<strong>&nbsp;<\/strong>&nbsp;&nbsp;godz. 16.30\u2026+Aniela NOWAK od wnuka Krzysztofa z rodz.&nbsp;&nbsp;&nbsp;&nbsp;&nbsp;&nbsp;&nbsp;&nbsp;&nbsp;&nbsp;<\/p>\n\n\n\n<p>Wtorek&nbsp;&nbsp;&nbsp;&nbsp;&nbsp;&nbsp;&nbsp;&nbsp;&nbsp;&nbsp;&nbsp;godz. 16.30\u2026+Katarzyna FERLAK od kuzyna Tomka z rodz.<\/p>\n\n\n\n<p>\u015aroda&nbsp;&nbsp;&nbsp;&nbsp;&nbsp;&nbsp;&nbsp;&nbsp;&nbsp;&nbsp;&nbsp;&nbsp;&nbsp;&nbsp;godz. 16.30\u2026+Maria \u017bUREK od kuzynki Krystyny<\/p>\n\n\n\n<p>Czwartek&nbsp;&nbsp;&nbsp;&nbsp;&nbsp;&nbsp;&nbsp;&nbsp;godz. 16.00\u2026+Bogus\u0142aw PODSIAD\u0141O od siostry Marty z rodz.<\/p>\n\n\n\n<p>Pi\u0105tek&nbsp;&nbsp;&nbsp;&nbsp;&nbsp;&nbsp;&nbsp;&nbsp;&nbsp;&nbsp;&nbsp;&nbsp;&nbsp;godz. 16.30\u2026+Janina WIERZBA od bratowej Krystyny z m\u0119\u017cem<\/p>\n\n\n\n<p>Sobota&nbsp;&nbsp;&nbsp;&nbsp;&nbsp;&nbsp;&nbsp;&nbsp;&nbsp;&nbsp;&nbsp;&nbsp;godz. 16.30\u2026+Aniela NOWAK od wnuka \u0141ukasza z \u017con\u0105<\/p>\n\n\n\n<p><strong>&nbsp;&nbsp;&nbsp;&nbsp;&nbsp;&nbsp;&nbsp;&nbsp;&nbsp;&nbsp;&nbsp;&nbsp;&nbsp;&nbsp;&nbsp;&nbsp;&nbsp;&nbsp;&nbsp;<\/strong><strong>NIEDZIELA&nbsp;&nbsp;25.04. 2021<\/strong><\/p>\n\n\n\n<p>Godz.&nbsp;&nbsp;7.00\u2026+Helena KOLASA w 13 r. \u015bm. z m\u0119\u017cem +Boles\u0142awem<\/p>\n\n\n\n<p>&nbsp;&nbsp;&nbsp;&nbsp;&nbsp;&nbsp;&nbsp;&nbsp;&nbsp;&nbsp;&nbsp;&nbsp;&nbsp;&nbsp;&nbsp;&nbsp;&nbsp;&nbsp;&nbsp;&nbsp;&nbsp;&nbsp;&nbsp;&nbsp;&nbsp;&nbsp;&nbsp;&nbsp;&nbsp;&nbsp;&nbsp;&nbsp;&nbsp;&nbsp;&nbsp;&nbsp;&nbsp;&nbsp;&nbsp;&nbsp;&nbsp;&nbsp;<strong>KO\u015aCIELNIKI<\/strong><\/p>\n\n\n\n<p>&nbsp;&nbsp;&nbsp;&nbsp;&nbsp;&nbsp;&nbsp;&nbsp;&nbsp;&nbsp;&nbsp;&nbsp;&nbsp;&nbsp;&nbsp;&nbsp;&nbsp;&nbsp;&nbsp;&nbsp;&nbsp;&nbsp;&nbsp;&nbsp;&nbsp;&nbsp;&nbsp;&nbsp;&nbsp;&nbsp;&nbsp;<strong>19<\/strong>&nbsp;<strong>.04.2021 &#8211; 25.04. 2021<\/strong><\/p>\n\n\n\n<p>Poniedzia\u0142ek&nbsp;&nbsp;&nbsp;godz. 19.00\u2026+Janina WIERZBA od Ewy W\u0119grzyn z rodz.<\/p>\n\n\n\n<p>\u015aroda&nbsp;&nbsp;&nbsp;&nbsp;&nbsp;&nbsp;&nbsp;&nbsp;&nbsp;&nbsp;&nbsp;&nbsp;&nbsp;&nbsp;godz. 19.00\u2026+Stanis\u0142aw PERLIK od wsp\u00f3\u0142pracownik\u00f3w<\/p>\n\n\n\n<p>&nbsp;&nbsp;&nbsp;&nbsp;&nbsp;&nbsp;&nbsp;&nbsp;&nbsp;&nbsp;&nbsp;&nbsp;&nbsp;&nbsp;&nbsp;&nbsp;&nbsp;&nbsp;&nbsp;&nbsp;&nbsp;&nbsp;&nbsp;&nbsp;&nbsp;&nbsp;&nbsp;&nbsp;&nbsp;&nbsp;&nbsp;&nbsp;&nbsp;&nbsp;&nbsp;&nbsp;&nbsp;&nbsp;&nbsp;&nbsp;&nbsp;&nbsp;&nbsp;&nbsp;&nbsp;&nbsp;&nbsp;&nbsp;&nbsp;&nbsp;&nbsp;&nbsp;&nbsp;&nbsp;&nbsp;&nbsp;&nbsp;&nbsp;&nbsp;&nbsp;&nbsp;&nbsp;&nbsp;&nbsp;&nbsp;&nbsp;&nbsp;&nbsp;&nbsp;&nbsp;&nbsp;&nbsp;&nbsp;&nbsp;c\u00f3rki i zi\u0119cia<\/p>\n\n\n\n<p>Pi\u0105tek&nbsp;&nbsp;&nbsp;&nbsp;&nbsp;&nbsp;&nbsp;&nbsp;&nbsp;&nbsp;&nbsp;&nbsp;&nbsp;godz.19.00\u2026 +Maria \u017bUREK od rodz. \u017by\u0142a.<\/p>\n\n\n\n<p>&nbsp;&nbsp;&nbsp;&nbsp;&nbsp;&nbsp;&nbsp;&nbsp;&nbsp;&nbsp;&nbsp;&nbsp;&nbsp;&nbsp;&nbsp;&nbsp;&nbsp;&nbsp;&nbsp;&nbsp;&nbsp;&nbsp;&nbsp;&nbsp;&nbsp;&nbsp;&nbsp;&nbsp;&nbsp;&nbsp;&nbsp;&nbsp;<strong>NIEDZIELA&nbsp;&nbsp;25.04.2021<\/strong><\/p>\n\n\n\n<p>Godz. 10.30\u2026+Maria \u017bUREK od rodz. Kwa\u015bniewskich<\/p>\n\n\n\n<p>&nbsp;&nbsp;&nbsp;&nbsp;&nbsp;&nbsp;&nbsp;&nbsp;&nbsp;&nbsp;&nbsp;12.00\u20261 Ks. +Genowefa KOPI\u0143SKA od syna Waldemara z rodz.<\/p>\n\n\n\n<p>&nbsp;&nbsp;&nbsp;&nbsp;&nbsp;&nbsp;&nbsp;&nbsp;&nbsp;&nbsp;&nbsp;&nbsp;&nbsp;&nbsp;&nbsp;&nbsp;&nbsp;&nbsp;&nbsp;&nbsp;&nbsp;&nbsp;&nbsp;&nbsp;2 Ks. ++Jerzy i El\u017cbieta PPALUCH&nbsp;&nbsp;&nbsp;&nbsp;&nbsp;&nbsp;&nbsp;&nbsp;&nbsp;&nbsp;&nbsp;&nbsp;&nbsp;&nbsp;<\/p>\n\n\n\n<p>&nbsp;&nbsp;&nbsp;&nbsp;&nbsp;&nbsp;&nbsp;&nbsp;&nbsp;&nbsp;&nbsp;17.00\u2026+J\u00f3zef MAZIA<\/p>\n\n\n\n<p>&nbsp;&nbsp;&nbsp;&nbsp;&nbsp;&nbsp;&nbsp;&nbsp;&nbsp;&nbsp;&nbsp;&nbsp;&nbsp;&nbsp;&nbsp;&nbsp;<strong>&nbsp;INTENCJE MSZY \u015aWI\u0118TYCH<\/strong><strong><\/strong><\/p>\n\n\n\n<p>&nbsp;&nbsp;&nbsp;&nbsp;&nbsp;&nbsp;&nbsp;&nbsp;&nbsp;&nbsp;&nbsp;&nbsp;&nbsp;&nbsp;&nbsp;&nbsp;&nbsp;&nbsp;&nbsp;&nbsp;&nbsp;&nbsp;&nbsp;&nbsp;&nbsp;&nbsp;&nbsp;&nbsp;&nbsp;&nbsp;&nbsp;&nbsp;&nbsp;&nbsp;&nbsp;&nbsp;&nbsp;&nbsp;&nbsp;&nbsp;&nbsp;&nbsp;&nbsp;&nbsp;&nbsp;&nbsp;&nbsp;<strong>WOLICA<\/strong><\/p>\n\n\n\n<p><strong>19.04.2021 &#8211; 25.04. 2021<\/strong><\/p>\n\n\n\n<p>Wtorek&nbsp;&nbsp;&nbsp;&nbsp;&nbsp;&nbsp;&nbsp;&nbsp;&nbsp;&nbsp;&nbsp;godz. 18.00\u2026+Maria \u015aWI\u0118TEK od syna z \u017con\u0105 i dzie\u0107mi<\/p>\n\n\n\n<p>Czwartek&nbsp;&nbsp;&nbsp;&nbsp;&nbsp;&nbsp;&nbsp;&nbsp;godz. 18.00\u2026+Zbigniew DURAS w 26 r. \u015bm.<\/p>\n\n\n\n<p>Sobota&nbsp;&nbsp;&nbsp;&nbsp;&nbsp;&nbsp;&nbsp;&nbsp;&nbsp;&nbsp;&nbsp;&nbsp;godz. 18.00\u2026+Maria \u015aWI\u0118TEK od c\u00f3rki Moniki<\/p>\n\n\n\n<p>&nbsp;&nbsp;&nbsp;&nbsp;&nbsp;&nbsp;&nbsp;&nbsp;&nbsp;&nbsp;&nbsp;&nbsp;&nbsp;&nbsp;&nbsp;&nbsp;&nbsp;&nbsp;&nbsp;&nbsp;&nbsp;&nbsp;&nbsp;&nbsp;&nbsp;&nbsp;&nbsp;&nbsp;&nbsp;&nbsp;&nbsp;&nbsp;&nbsp;&nbsp;&nbsp;&nbsp;&nbsp;&nbsp;&nbsp;&nbsp;&nbsp;&nbsp;&nbsp;&nbsp;&nbsp;&nbsp;&nbsp;&nbsp;&nbsp;&nbsp;&nbsp;&nbsp;&nbsp;&nbsp;&nbsp;&nbsp;&nbsp;&nbsp;&nbsp;&nbsp;&nbsp;z m\u0119\u017cem i c\u00f3rk\u0105<\/p>\n\n\n\n<p>&nbsp;&nbsp;&nbsp;&nbsp;&nbsp;&nbsp;&nbsp;&nbsp;&nbsp;&nbsp;&nbsp;&nbsp;&nbsp;&nbsp;&nbsp;&nbsp;&nbsp;&nbsp;&nbsp;&nbsp;&nbsp;&nbsp;&nbsp;&nbsp;&nbsp;&nbsp;&nbsp;&nbsp;&nbsp;&nbsp;&nbsp;&nbsp;&nbsp;&nbsp;&nbsp;<strong>NIEDZIELA&nbsp;&nbsp;25.04.2021&nbsp;&nbsp;&nbsp;&nbsp;&nbsp;&nbsp;&nbsp;&nbsp;&nbsp;&nbsp;&nbsp;&nbsp;&nbsp;&nbsp;<\/strong><\/p>\n\n\n\n<p>Godz.&nbsp;&nbsp;&nbsp;9.00\u2026 +Jerzy KROK i syn +Rafa\u0142;<\/p>\n\n\n\n<p>&nbsp;&nbsp;&nbsp;&nbsp;&nbsp;&nbsp;&nbsp;&nbsp;&nbsp;&nbsp;&nbsp;&nbsp;&nbsp;&nbsp;&nbsp;&nbsp;&nbsp;&nbsp;&nbsp;&nbsp;&nbsp;&nbsp;&nbsp;&nbsp;++Wojciech i Franciszka SZEWCZYK<\/p>\n","protected":false},"excerpt":{"rendered":"<p>Intencje Mszy \u015aw. 19.04.21 &#8211; 25.04.21<\/p>\n","protected":false},"author":1,"featured_media":0,"comment_status":"closed","ping_status":"","sticky":false,"template":"","format":"standard","meta":{"om_disable_all_campaigns":false,"_uag_custom_page_level_css":"","ngg_post_thumbnail":0,"_jetpack_memberships_contains_paid_content":false,"footnotes":"","jetpack_publicize_message":"","jetpack_publicize_feature_enabled":true,"jetpack_social_post_already_shared":false,"jetpack_social_options":{"image_generator_settings":{"template":"highway","default_image_id":0,"enabled":false},"version":2}},"categories":[6],"tags":[],"post_formats":[],"class_list":["post-710","post","type-post","status-publish","format-standard","hentry","category-intmszysw"],"jetpack_publicize_connections":[],"guten_post_layout_featured_media_urls":{"full":false,"thumbnail":false,"medium":false,"medium_large":false,"large":false,"1536x1536":false,"2048x2048":false,"guten_post_layout_landscape_large":false,"guten_post_layout_portrait_large":false,"guten_post_layout_square_large":false,"guten_post_layout_landscape":false,"guten_post_layout_portrait":false,"guten_post_layout_square":false,"events-homepage-thumb":false,"woocommerce_thumbnail":false,"woocommerce_single":false,"woocommerce_gallery_thumbnail":false,"shop_catalog":false,"shop_single":false,"shop_thumbnail":false},"jetpack_featured_media_url":"","uagb_featured_image_src":{"full":false,"thumbnail":false,"medium":false,"medium_large":false,"large":false,"1536x1536":false,"2048x2048":false,"guten_post_layout_landscape_large":false,"guten_post_layout_portrait_large":false,"guten_post_layout_square_large":false,"guten_post_layout_landscape":false,"guten_post_layout_portrait":false,"guten_post_layout_square":false,"events-homepage-thumb":false,"woocommerce_thumbnail":false,"woocommerce_single":false,"woocommerce_gallery_thumbnail":false,"shop_catalog":false,"shop_single":false,"shop_thumbnail":false},"uagb_author_info":{"display_name":"admin9110","author_link":"https:\/\/gorkakoscielnicka.pl\/?author=1"},"uagb_comment_info":0,"uagb_excerpt":"Intencje Mszy \u015aw. 19.04.21 - 25.04.21","jetpack_sharing_enabled":true,"_links":{"self":[{"href":"https:\/\/gorkakoscielnicka.pl\/index.php?rest_route=\/wp\/v2\/posts\/710","targetHints":{"allow":["GET"]}}],"collection":[{"href":"https:\/\/gorkakoscielnicka.pl\/index.php?rest_route=\/wp\/v2\/posts"}],"about":[{"href":"https:\/\/gorkakoscielnicka.pl\/index.php?rest_route=\/wp\/v2\/types\/post"}],"author":[{"embeddable":true,"href":"https:\/\/gorkakoscielnicka.pl\/index.php?rest_route=\/wp\/v2\/users\/1"}],"replies":[{"embeddable":true,"href":"https:\/\/gorkakoscielnicka.pl\/index.php?rest_route=%2Fwp%2Fv2%2Fcomments&post=710"}],"version-history":[{"count":1,"href":"https:\/\/gorkakoscielnicka.pl\/index.php?rest_route=\/wp\/v2\/posts\/710\/revisions"}],"predecessor-version":[{"id":711,"href":"https:\/\/gorkakoscielnicka.pl\/index.php?rest_route=\/wp\/v2\/posts\/710\/revisions\/711"}],"wp:attachment":[{"href":"https:\/\/gorkakoscielnicka.pl\/index.php?rest_route=%2Fwp%2Fv2%2Fmedia&parent=710"}],"wp:term":[{"taxonomy":"category","embeddable":true,"href":"https:\/\/gorkakoscielnicka.pl\/index.php?rest_route=%2Fwp%2Fv2%2Fcategories&post=710"},{"taxonomy":"post_tag","embeddable":true,"href":"https:\/\/gorkakoscielnicka.pl\/index.php?rest_route=%2Fwp%2Fv2%2Ftags&post=710"},{"taxonomy":"post_format","embeddable":true,"href":"https:\/\/gorkakoscielnicka.pl\/index.php?rest_route=%2Fwp%2Fv2%2Fpost_formats&post=710"}],"curies":[{"name":"wp","href":"https:\/\/api.w.org\/{rel}","templated":true}]}}