{"id":709,"date":"2021-04-17T15:26:25","date_gmt":"2021-04-17T13:26:25","guid":{"rendered":"https:\/\/gorkakoscielnicka.pl\/?p=709"},"modified":"2021-04-17T15:26:25","modified_gmt":"2021-04-17T13:26:25","slug":"ogloszenia-duszpasterskie-18-04-2021","status":"publish","type":"post","link":"https:\/\/gorkakoscielnicka.pl\/?p=709","title":{"rendered":"Og\u0142oszenia duszpasterskie 18.04.2021"},"content":{"rendered":"\n<p class=\"has-text-align-center\"><strong>III&nbsp;NIEDZIELA&nbsp;&nbsp;WIELKANOCNA<\/strong><\/p>\n\n\n\n<p>1. Jeste\u015bmy Ko\u015bcio\u0142em pielgrzymuj\u0105cym w drodze do niebieskiej ojczyzny. Chrystus gromadzi nas na Uczcie Eucharystycznej, wyja\u015bnia nam pisma, w sakramentalnych znakach sam staje si\u0119 pokarmem, by\u015bmy nie ustali w drodze. W rozpoczynaj\u0105cym si\u0119&nbsp;<strong>Tygodniu Biblijnym&nbsp;<\/strong>pro\u015bmy Pana Jezusa szczeg\u00f3lnie o to, aby pozwoli\u0142 nam jeszcze bardziej ukocha\u0107 i zrozumie\u0107 Pismo \u015awi\u0119te.<\/p>\n\n\n\n<p>2. W pi\u0105tek&nbsp;<strong>Uroczysto\u015b\u0107 \u015bw. Wojciecha, biskupa i m\u0119czennika, g\u0142\u00f3wnego patrona Polski<\/strong>. G\u0142\u00f3wne uroczysto\u015bci odb\u0119d\u0105 si\u0119 w Gnie\u017anie. W tym dniu podzi\u0119kujemy Bogu za dzie\u0142o ewangelizacji naszych rdzennych ziem, kt\u00f3rego dokona\u0142 \u015bw. Wojciech.<\/p>\n\n\n\n<p>3. W dzisiejsz\u0105 III niedz. m-ca kwietnia Rada Parafialna przyjmuje ofiary na prace w naszych ko\u015bcio\u0142ach. B\u00f3g zap\u0142a\u0107!<\/p>\n\n\n\n<p>4. Dzi\u0119kuj\u0119 tak\u017ce za sprz\u0105tanie naszych ko\u015bcio\u0142\u00f3w. W Ko\u015bcielnikach sprz\u0105tanie zako\u0144czy\u0142o C\u0142o, prosz\u0119 rodziny z ul. Ku\u015bnierskiej. Czytajmy pras\u0119 religijn\u0105.<\/p>\n\n\n\n<p><strong>5.<\/strong><strong>B\u00f3g zap\u0142a\u0107 wszystkim osobom, kt\u00f3re poczuwaj\u0105&nbsp;si\u0119 do wsp\u00f3\u0142odpowiedzialno\u015bci za utrzymanie naszych ko\u015bcio\u0142\u00f3w w tym&nbsp;trudnym dla nas wszystkich okresie epidemii.&nbsp;Niech Pan B\u00f3g wynagrodzi wszystkim ofiarodawcom swoj\u0105 \u0142ask\u0105!<\/strong><\/p>\n\n\n\n<p><strong>W tym tygodniu patronuje nam<\/strong>:<\/p>\n\n\n\n<p>&#8212; w sobot\u0119 24 kwietnia \u2013 \u015bw. Jerzy, m\u0119czennik<\/p>\n\n\n\n<p>&#8212; w niedziel\u0119 25 kwietnia \u2013 \u015bw. Marek, ewangelista<\/p>\n","protected":false},"excerpt":{"rendered":"<p>III&nbsp;NIEDZIELA&nbsp;&nbsp;WIELKANOCNA 1. Jeste\u015bmy Ko\u015bcio\u0142em pielgrzymuj\u0105cym w drodze do niebieskiej ojczyzny. Chrystus gromadzi nas na Uczcie Eucharystycznej, wyja\u015bnia nam pisma, w sakramentalnych znakach sam staje si\u0119 pokarmem, by\u015bmy nie ustali w [&hellip;]<\/p>\n","protected":false},"author":1,"featured_media":0,"comment_status":"closed","ping_status":"","sticky":false,"template":"","format":"standard","meta":{"om_disable_all_campaigns":false,"_uag_custom_page_level_css":"","ngg_post_thumbnail":0,"_jetpack_memberships_contains_paid_content":false,"footnotes":"","jetpack_publicize_message":"","jetpack_publicize_feature_enabled":true,"jetpack_social_post_already_shared":false,"jetpack_social_options":{"image_generator_settings":{"template":"highway","default_image_id":0,"enabled":false},"version":2}},"categories":[1],"tags":[],"post_formats":[],"class_list":["post-709","post","type-post","status-publish","format-standard","hentry","category-non-classe"],"jetpack_publicize_connections":[],"guten_post_layout_featured_media_urls":{"full":false,"thumbnail":false,"medium":false,"medium_large":false,"large":false,"1536x1536":false,"2048x2048":false,"guten_post_layout_landscape_large":false,"guten_post_layout_portrait_large":false,"guten_post_layout_square_large":false,"guten_post_layout_landscape":false,"guten_post_layout_portrait":false,"guten_post_layout_square":false,"events-homepage-thumb":false,"woocommerce_thumbnail":false,"woocommerce_single":false,"woocommerce_gallery_thumbnail":false,"shop_catalog":false,"shop_single":false,"shop_thumbnail":false},"jetpack_featured_media_url":"","uagb_featured_image_src":{"full":false,"thumbnail":false,"medium":false,"medium_large":false,"large":false,"1536x1536":false,"2048x2048":false,"guten_post_layout_landscape_large":false,"guten_post_layout_portrait_large":false,"guten_post_layout_square_large":false,"guten_post_layout_landscape":false,"guten_post_layout_portrait":false,"guten_post_layout_square":false,"events-homepage-thumb":false,"woocommerce_thumbnail":false,"woocommerce_single":false,"woocommerce_gallery_thumbnail":false,"shop_catalog":false,"shop_single":false,"shop_thumbnail":false},"uagb_author_info":{"display_name":"admin9110","author_link":"https:\/\/gorkakoscielnicka.pl\/?author=1"},"uagb_comment_info":0,"uagb_excerpt":"III&nbsp;NIEDZIELA&nbsp;&nbsp;WIELKANOCNA 1. Jeste\u015bmy Ko\u015bcio\u0142em pielgrzymuj\u0105cym w drodze do niebieskiej ojczyzny. Chrystus gromadzi nas na Uczcie Eucharystycznej, wyja\u015bnia nam pisma, w sakramentalnych znakach sam staje si\u0119 pokarmem, by\u015bmy nie ustali w [&hellip;]","jetpack_sharing_enabled":true,"_links":{"self":[{"href":"https:\/\/gorkakoscielnicka.pl\/index.php?rest_route=\/wp\/v2\/posts\/709","targetHints":{"allow":["GET"]}}],"collection":[{"href":"https:\/\/gorkakoscielnicka.pl\/index.php?rest_route=\/wp\/v2\/posts"}],"about":[{"href":"https:\/\/gorkakoscielnicka.pl\/index.php?rest_route=\/wp\/v2\/types\/post"}],"author":[{"embeddable":true,"href":"https:\/\/gorkakoscielnicka.pl\/index.php?rest_route=\/wp\/v2\/users\/1"}],"replies":[{"embeddable":true,"href":"https:\/\/gorkakoscielnicka.pl\/index.php?rest_route=%2Fwp%2Fv2%2Fcomments&post=709"}],"version-history":[{"count":1,"href":"https:\/\/gorkakoscielnicka.pl\/index.php?rest_route=\/wp\/v2\/posts\/709\/revisions"}],"predecessor-version":[{"id":712,"href":"https:\/\/gorkakoscielnicka.pl\/index.php?rest_route=\/wp\/v2\/posts\/709\/revisions\/712"}],"wp:attachment":[{"href":"https:\/\/gorkakoscielnicka.pl\/index.php?rest_route=%2Fwp%2Fv2%2Fmedia&parent=709"}],"wp:term":[{"taxonomy":"category","embeddable":true,"href":"https:\/\/gorkakoscielnicka.pl\/index.php?rest_route=%2Fwp%2Fv2%2Fcategories&post=709"},{"taxonomy":"post_tag","embeddable":true,"href":"https:\/\/gorkakoscielnicka.pl\/index.php?rest_route=%2Fwp%2Fv2%2Ftags&post=709"},{"taxonomy":"post_format","embeddable":true,"href":"https:\/\/gorkakoscielnicka.pl\/index.php?rest_route=%2Fwp%2Fv2%2Fpost_formats&post=709"}],"curies":[{"name":"wp","href":"https:\/\/api.w.org\/{rel}","templated":true}]}}