{"id":363,"date":"2021-03-27T14:52:50","date_gmt":"2021-03-27T13:52:50","guid":{"rendered":"https:\/\/gorkakoscielnicka.pl\/?p=363"},"modified":"2021-03-27T14:52:50","modified_gmt":"2021-03-27T13:52:50","slug":"adoracja-pana-jezusa-w-grobie-2021","status":"publish","type":"post","link":"https:\/\/gorkakoscielnicka.pl\/?p=363","title":{"rendered":"Adoracja Pana Jezusa w Grobie 2021"},"content":{"rendered":"\n<p class=\"has-text-align-center\"><strong>WIELKI PI\u0104TEK<\/strong><strong><\/strong><\/p>\n\n\n\n<p class=\"has-text-align-center\"><strong>ADORACJA PANA JEZUSA W GROBIE<\/strong><\/p>\n\n\n\n<p><strong>&nbsp;&nbsp;&nbsp;&nbsp;&nbsp;&nbsp;&nbsp;&nbsp;&nbsp;&nbsp;&nbsp;&nbsp;&nbsp;&nbsp;&nbsp;&nbsp;&nbsp;&nbsp;&nbsp;&nbsp;&nbsp;&nbsp;&nbsp;<\/strong><strong>KO\u015aCIELNIKI<\/strong><\/p>\n\n\n\n<p><strong>&nbsp;&nbsp;&nbsp;&nbsp;&nbsp;&nbsp;&nbsp;&nbsp;&nbsp;&nbsp;&nbsp;&nbsp;&nbsp;&nbsp;&nbsp;&nbsp;&nbsp;&nbsp;&nbsp;&nbsp;&nbsp;&nbsp;&nbsp;&nbsp;&nbsp;&nbsp;2021<\/strong><\/p>\n\n\n\n<p><strong>21.00 &#8212;&nbsp;&nbsp;22.00<\/strong>\u2026\u2026 ul. Igo\u0142omska\/C\u0142o\/, ul. Ko\u015bcielnicka,<\/p>\n\n\n\n<p>&nbsp;&nbsp;&nbsp;&nbsp;&nbsp;&nbsp;&nbsp;&nbsp;&nbsp;&nbsp;&nbsp;&nbsp;&nbsp;&nbsp;&nbsp;&nbsp;&nbsp;&nbsp;&nbsp;&nbsp;&nbsp;&nbsp;&nbsp;&nbsp;&nbsp;&nbsp;&nbsp;&nbsp;&nbsp;&nbsp;&nbsp;&nbsp;&nbsp;&nbsp;&nbsp;&nbsp;&nbsp;&nbsp;&nbsp;&nbsp;&nbsp;&nbsp;N. Wiatra, Pysocice, Wodzickich<\/p>\n\n\n\n<p><strong>22.00 &#8212; 23.00<\/strong>\u2026\u2026.. W\u0119grzynowice, ul. Hektary. Podbia\u0142owa,<\/p>\n\n\n\n<p>&nbsp;&nbsp;&nbsp;&nbsp;&nbsp;&nbsp;&nbsp;&nbsp;&nbsp;&nbsp;&nbsp;&nbsp;&nbsp;&nbsp;&nbsp;&nbsp;&nbsp;&nbsp;&nbsp;&nbsp;&nbsp;&nbsp;&nbsp;&nbsp;&nbsp;&nbsp;&nbsp;&nbsp;&nbsp;&nbsp;&nbsp;&nbsp;&nbsp;&nbsp;&nbsp;&nbsp;&nbsp;&nbsp;&nbsp;&nbsp;&nbsp;&nbsp;&nbsp;&nbsp;&nbsp;&nbsp;Ostafina, Barwna, Stopki<\/p>\n\n\n\n<p><strong>23.00 &#8212; 24.00<\/strong>\u2026\u2026. ul. Ku\u015bnierska, Dybowskiego,<\/p>\n\n\n\n<p>&nbsp;&nbsp;&nbsp;&nbsp;&nbsp;&nbsp;&nbsp;&nbsp;&nbsp;&nbsp;&nbsp;&nbsp;&nbsp;&nbsp;&nbsp;&nbsp;&nbsp;&nbsp;&nbsp;&nbsp;&nbsp;&nbsp;&nbsp;&nbsp;&nbsp;&nbsp;&nbsp;&nbsp;&nbsp;&nbsp;&nbsp;&nbsp;&nbsp;&nbsp;&nbsp;&nbsp;&nbsp;&nbsp;&nbsp;\u0141ozi\u0144skiego, S. Cali\u0144skiego<\/p>\n\n\n\n<p>&nbsp;&nbsp;&nbsp;&nbsp;&nbsp;&nbsp;&nbsp;&nbsp;&nbsp;&nbsp;&nbsp;&nbsp;&nbsp;&nbsp;&nbsp;&nbsp;&nbsp;&nbsp;&nbsp;&nbsp;&nbsp;&nbsp;&nbsp;&nbsp;&nbsp;&nbsp;&nbsp;&nbsp;&nbsp;&nbsp;&nbsp;&nbsp;&nbsp;<strong>WIELKI PI\u0104TEK<\/strong><strong><\/strong><\/p>\n\n\n\n<p><strong>&nbsp;&nbsp;&nbsp;&nbsp;ADORACJA PANA JEZUSA W GROBIE<\/strong><\/p>\n\n\n\n<p><strong>&nbsp;&nbsp;&nbsp;&nbsp;&nbsp;&nbsp;&nbsp;&nbsp;&nbsp;&nbsp;&nbsp;&nbsp;&nbsp;&nbsp;&nbsp;&nbsp;&nbsp;&nbsp;&nbsp;&nbsp;&nbsp;&nbsp;&nbsp;<\/strong><strong>&nbsp;&nbsp;&nbsp;&nbsp;WOLICA<\/strong><\/p>\n\n\n\n<p><strong>&nbsp;&nbsp;&nbsp;&nbsp;&nbsp;&nbsp;&nbsp;&nbsp;&nbsp;&nbsp;&nbsp;&nbsp;&nbsp;&nbsp;&nbsp;&nbsp;&nbsp;&nbsp;&nbsp;&nbsp;&nbsp;&nbsp;&nbsp;&nbsp;&nbsp;&nbsp;2021<\/strong><\/p>\n\n\n\n<p>19.00 \u2013 20.00\u2026\u2026\u2026 Ul. Biwakowa i Pla\u017cowa, ul. Nadwodna,<\/p>\n\n\n\n<p>&nbsp;&nbsp;&nbsp;&nbsp;&nbsp;&nbsp;&nbsp;&nbsp;&nbsp;&nbsp;&nbsp;&nbsp;&nbsp;&nbsp;&nbsp;&nbsp;&nbsp;&nbsp;&nbsp;&nbsp;&nbsp;&nbsp;&nbsp;&nbsp;&nbsp;&nbsp;&nbsp;&nbsp;&nbsp;&nbsp;&nbsp;&nbsp;&nbsp;&nbsp;&nbsp;Brzeska do p. Da\u0144ca, ul. Betonowa<\/p>\n\n\n\n<p>&nbsp;&nbsp;&nbsp;&nbsp;&nbsp;&nbsp;&nbsp;&nbsp;&nbsp;&nbsp;&nbsp;&nbsp;&nbsp;&nbsp;&nbsp;&nbsp;&nbsp;&nbsp;&nbsp;&nbsp;&nbsp;&nbsp;&nbsp;&nbsp;&nbsp;&nbsp;&nbsp;&nbsp;&nbsp;&nbsp;&nbsp;&nbsp;&nbsp;&nbsp;&nbsp;i Wi\u0105zowa<\/p>\n\n\n\n<p>20.00 \u2013 21.00\u2026\u2026..&nbsp;&nbsp;Ul. Brzeska od C\u0142a, Zak\u0119pie, Szlifierska,<\/p>\n\n\n\n<p>&nbsp;&nbsp;&nbsp;&nbsp;&nbsp;&nbsp;&nbsp;&nbsp;&nbsp;&nbsp;&nbsp;&nbsp;&nbsp;&nbsp;&nbsp;&nbsp;&nbsp;&nbsp;&nbsp;&nbsp;&nbsp;&nbsp;&nbsp;&nbsp;&nbsp;&nbsp;&nbsp;&nbsp;&nbsp;&nbsp;&nbsp;&nbsp;&nbsp;&nbsp;Pl. Turzymy, Kontryma, ul. Dro\u017cyska<\/p>\n","protected":false},"excerpt":{"rendered":"<p>Harmonogram Adoracji Pana Jezusa<br \/>\nw Grobie.<\/p>\n","protected":false},"author":1,"featured_media":364,"comment_status":"closed","ping_status":"","sticky":false,"template":"","format":"standard","meta":{"om_disable_all_campaigns":false,"_uag_custom_page_level_css":"","ngg_post_thumbnail":0,"_jetpack_memberships_contains_paid_content":false,"footnotes":"","jetpack_publicize_message":"","jetpack_publicize_feature_enabled":true,"jetpack_social_post_already_shared":false,"jetpack_social_options":{"image_generator_settings":{"template":"highway","default_image_id":0,"enabled":false},"version":2}},"categories":[5],"tags":[],"post_formats":[],"class_list":["post-363","post","type-post","status-publish","format-standard","has-post-thumbnail","hentry","category-oglodusz"],"jetpack_publicize_connections":[],"guten_post_layout_featured_media_urls":{"full":["https:\/\/gorkakoscielnicka.pl\/wp-content\/uploads\/2021\/03\/IMG_20200410_193549-scaled.jpg",2560,1920,false],"thumbnail":["https:\/\/gorkakoscielnicka.pl\/wp-content\/uploads\/2021\/03\/IMG_20200410_193549-scaled-150x150.jpg",150,150,true],"medium":["https:\/\/gorkakoscielnicka.pl\/wp-content\/uploads\/2021\/03\/IMG_20200410_193549-scaled-300x225.jpg",300,225,true],"medium_large":["https:\/\/gorkakoscielnicka.pl\/wp-content\/uploads\/2021\/03\/IMG_20200410_193549-scaled-768x576.jpg",525,394,true],"large":["https:\/\/gorkakoscielnicka.pl\/wp-content\/uploads\/2021\/03\/IMG_20200410_193549-scaled-1024x768.jpg",525,394,true],"1536x1536":["https:\/\/gorkakoscielnicka.pl\/wp-content\/uploads\/2021\/03\/IMG_20200410_193549-scaled-1536x1152.jpg",1536,1152,true],"2048x2048":["https:\/\/gorkakoscielnicka.pl\/wp-content\/uploads\/2021\/03\/IMG_20200410_193549-scaled-2048x1536.jpg",2048,1536,true],"guten_post_layout_landscape_large":["https:\/\/gorkakoscielnicka.pl\/wp-content\/uploads\/2021\/03\/IMG_20200410_193549-scaled.jpg",1067,800,false],"guten_post_layout_portrait_large":["https:\/\/gorkakoscielnicka.pl\/wp-content\/uploads\/2021\/03\/IMG_20200410_193549-scaled.jpg",1200,900,false],"guten_post_layout_square_large":["https:\/\/gorkakoscielnicka.pl\/wp-content\/uploads\/2021\/03\/IMG_20200410_193549-scaled.jpg",1200,900,false],"guten_post_layout_landscape":["https:\/\/gorkakoscielnicka.pl\/wp-content\/uploads\/2021\/03\/IMG_20200410_193549-scaled.jpg",533,400,false],"guten_post_layout_portrait":["https:\/\/gorkakoscielnicka.pl\/wp-content\/uploads\/2021\/03\/IMG_20200410_193549-scaled.jpg",600,450,false],"guten_post_layout_square":["https:\/\/gorkakoscielnicka.pl\/wp-content\/uploads\/2021\/03\/IMG_20200410_193549-scaled.jpg",600,450,false],"events-homepage-thumb":["https:\/\/gorkakoscielnicka.pl\/wp-content\/uploads\/2021\/03\/IMG_20200410_193549-scaled-640x480.jpg",640,480,true],"woocommerce_thumbnail":["https:\/\/gorkakoscielnicka.pl\/wp-content\/uploads\/2021\/03\/IMG_20200410_193549-scaled-300x300.jpg",300,300,true],"woocommerce_single":["https:\/\/gorkakoscielnicka.pl\/wp-content\/uploads\/2021\/03\/IMG_20200410_193549-scaled-600x450.jpg",600,450,true],"woocommerce_gallery_thumbnail":["https:\/\/gorkakoscielnicka.pl\/wp-content\/uploads\/2021\/03\/IMG_20200410_193549-scaled-100x100.jpg",100,100,true],"shop_catalog":["https:\/\/gorkakoscielnicka.pl\/wp-content\/uploads\/2021\/03\/IMG_20200410_193549-scaled-300x300.jpg",300,300,true],"shop_single":["https:\/\/gorkakoscielnicka.pl\/wp-content\/uploads\/2021\/03\/IMG_20200410_193549-scaled.jpg",600,450,false],"shop_thumbnail":["https:\/\/gorkakoscielnicka.pl\/wp-content\/uploads\/2021\/03\/IMG_20200410_193549-scaled-100x100.jpg",100,100,true]},"jetpack_featured_media_url":"https:\/\/gorkakoscielnicka.pl\/wp-content\/uploads\/2021\/03\/IMG_20200410_193549-scaled.jpg","uagb_featured_image_src":{"full":["https:\/\/gorkakoscielnicka.pl\/wp-content\/uploads\/2021\/03\/IMG_20200410_193549-scaled.jpg",2560,1920,false],"thumbnail":["https:\/\/gorkakoscielnicka.pl\/wp-content\/uploads\/2021\/03\/IMG_20200410_193549-scaled-150x150.jpg",150,150,true],"medium":["https:\/\/gorkakoscielnicka.pl\/wp-content\/uploads\/2021\/03\/IMG_20200410_193549-scaled-300x225.jpg",300,225,true],"medium_large":["https:\/\/gorkakoscielnicka.pl\/wp-content\/uploads\/2021\/03\/IMG_20200410_193549-scaled-768x576.jpg",525,394,true],"large":["https:\/\/gorkakoscielnicka.pl\/wp-content\/uploads\/2021\/03\/IMG_20200410_193549-scaled-1024x768.jpg",525,394,true],"1536x1536":["https:\/\/gorkakoscielnicka.pl\/wp-content\/uploads\/2021\/03\/IMG_20200410_193549-scaled-1536x1152.jpg",1536,1152,true],"2048x2048":["https:\/\/gorkakoscielnicka.pl\/wp-content\/uploads\/2021\/03\/IMG_20200410_193549-scaled-2048x1536.jpg",2048,1536,true],"guten_post_layout_landscape_large":["https:\/\/gorkakoscielnicka.pl\/wp-content\/uploads\/2021\/03\/IMG_20200410_193549-scaled.jpg",1067,800,false],"guten_post_layout_portrait_large":["https:\/\/gorkakoscielnicka.pl\/wp-content\/uploads\/2021\/03\/IMG_20200410_193549-scaled.jpg",1200,900,false],"guten_post_layout_square_large":["https:\/\/gorkakoscielnicka.pl\/wp-content\/uploads\/2021\/03\/IMG_20200410_193549-scaled.jpg",1200,900,false],"guten_post_layout_landscape":["https:\/\/gorkakoscielnicka.pl\/wp-content\/uploads\/2021\/03\/IMG_20200410_193549-scaled.jpg",533,400,false],"guten_post_layout_portrait":["https:\/\/gorkakoscielnicka.pl\/wp-content\/uploads\/2021\/03\/IMG_20200410_193549-scaled.jpg",600,450,false],"guten_post_layout_square":["https:\/\/gorkakoscielnicka.pl\/wp-content\/uploads\/2021\/03\/IMG_20200410_193549-scaled.jpg",600,450,false],"events-homepage-thumb":["https:\/\/gorkakoscielnicka.pl\/wp-content\/uploads\/2021\/03\/IMG_20200410_193549-scaled-640x480.jpg",640,480,true],"woocommerce_thumbnail":["https:\/\/gorkakoscielnicka.pl\/wp-content\/uploads\/2021\/03\/IMG_20200410_193549-scaled-300x300.jpg",300,300,true],"woocommerce_single":["https:\/\/gorkakoscielnicka.pl\/wp-content\/uploads\/2021\/03\/IMG_20200410_193549-scaled-600x450.jpg",600,450,true],"woocommerce_gallery_thumbnail":["https:\/\/gorkakoscielnicka.pl\/wp-content\/uploads\/2021\/03\/IMG_20200410_193549-scaled-100x100.jpg",100,100,true],"shop_catalog":["https:\/\/gorkakoscielnicka.pl\/wp-content\/uploads\/2021\/03\/IMG_20200410_193549-scaled-300x300.jpg",300,300,true],"shop_single":["https:\/\/gorkakoscielnicka.pl\/wp-content\/uploads\/2021\/03\/IMG_20200410_193549-scaled.jpg",600,450,false],"shop_thumbnail":["https:\/\/gorkakoscielnicka.pl\/wp-content\/uploads\/2021\/03\/IMG_20200410_193549-scaled-100x100.jpg",100,100,true]},"uagb_author_info":{"display_name":"admin9110","author_link":"https:\/\/gorkakoscielnicka.pl\/?author=1"},"uagb_comment_info":0,"uagb_excerpt":"Harmonogram Adoracji Pana Jezusa w Grobie.","jetpack_sharing_enabled":true,"_links":{"self":[{"href":"https:\/\/gorkakoscielnicka.pl\/index.php?rest_route=\/wp\/v2\/posts\/363","targetHints":{"allow":["GET"]}}],"collection":[{"href":"https:\/\/gorkakoscielnicka.pl\/index.php?rest_route=\/wp\/v2\/posts"}],"about":[{"href":"https:\/\/gorkakoscielnicka.pl\/index.php?rest_route=\/wp\/v2\/types\/post"}],"author":[{"embeddable":true,"href":"https:\/\/gorkakoscielnicka.pl\/index.php?rest_route=\/wp\/v2\/users\/1"}],"replies":[{"embeddable":true,"href":"https:\/\/gorkakoscielnicka.pl\/index.php?rest_route=%2Fwp%2Fv2%2Fcomments&post=363"}],"version-history":[{"count":1,"href":"https:\/\/gorkakoscielnicka.pl\/index.php?rest_route=\/wp\/v2\/posts\/363\/revisions"}],"predecessor-version":[{"id":365,"href":"https:\/\/gorkakoscielnicka.pl\/index.php?rest_route=\/wp\/v2\/posts\/363\/revisions\/365"}],"wp:featuredmedia":[{"embeddable":true,"href":"https:\/\/gorkakoscielnicka.pl\/index.php?rest_route=\/wp\/v2\/media\/364"}],"wp:attachment":[{"href":"https:\/\/gorkakoscielnicka.pl\/index.php?rest_route=%2Fwp%2Fv2%2Fmedia&parent=363"}],"wp:term":[{"taxonomy":"category","embeddable":true,"href":"https:\/\/gorkakoscielnicka.pl\/index.php?rest_route=%2Fwp%2Fv2%2Fcategories&post=363"},{"taxonomy":"post_tag","embeddable":true,"href":"https:\/\/gorkakoscielnicka.pl\/index.php?rest_route=%2Fwp%2Fv2%2Ftags&post=363"},{"taxonomy":"post_format","embeddable":true,"href":"https:\/\/gorkakoscielnicka.pl\/index.php?rest_route=%2Fwp%2Fv2%2Fpost_formats&post=363"}],"curies":[{"name":"wp","href":"https:\/\/api.w.org\/{rel}","templated":true}]}}